{"id":1233996,"date":"2021-10-30T01:16:55","date_gmt":"2021-10-30T06:16:55","guid":{"rendered":"https:\/\/www.acapulco.press\/?p=1233996"},"modified":"2021-10-30T01:16:55","modified_gmt":"2021-10-30T06:16:55","slug":"fge-captura-un-homicida-y-logra-prision-preventiva-contra-un-violador","status":"publish","type":"post","link":"https:\/\/www.acapulcopress.com\/index.php\/2021\/10\/30\/fge-captura-un-homicida-y-logra-prision-preventiva-contra-un-violador\/","title":{"rendered":"FGE captura un homicida y logra prisi\u00f3n preventiva contra un violador"},"content":{"rendered":"<p>CHILPANCINGO * 29 de octubre de 2021.<br \/>\n<em>) FGE.<\/em><br \/>\nEl Ministerio P\u00fablico obtuvo prisi\u00f3n preventiva en contra de Jos\u00e9 Alfredo \u00abN\u00bb como probable responsable del delito de violaci\u00f3n, en la ciudad capital.<\/p>\n<p style=\"text-align: justify;\"><img loading=\"lazy\" decoding=\"async\" class=\"alignleft size-medium wp-image-1233997\" src=\"https:\/\/www.acapulco.press\/wp-content\/uploads\/2021\/10\/fge-alejandro-375x363.jpg\" alt=\"\" width=\"375\" height=\"363\" \/>El imputado es acusado por hechos del pasado 6 de agosto de 2021, cuando al llegar al domicilio de la v\u00edctima, en el poblado de El Palmar, municipio de Chilpancingo, entr\u00f3 a la vivienda aproximadamente 9:00 de la noche y bajo amenazas con objeto punzocortante cometi\u00f3 el delito, hechos en la carpeta judicial C-319\/2021.<\/p>\n<p style=\"text-align: justify;\">En audiencia inicial el Juez de Control dict\u00f3 prisi\u00f3n preventiva, programando la continuaci\u00f3n de la audiencia para el d\u00eda 3 de noviembre del presente a\u00f1o.<\/p>\n<p style=\"text-align: justify;\">La Fiscal\u00eda General del Estado continuar\u00e1 investigando los delitos del fuero com\u00fan y con especial seguimiento los cometidos en temas de igualdad de g\u00e9nero y menores de edad en el estado de Guerrero.<\/p>\n<p style=\"text-align: justify;\">En otro caso, agentes de la Polic\u00eda Investigadora Ministerial de Zona Centro, cumplimentaron la orden de aprehensi\u00f3n en contra de Alejandro \u00abN\u00bb, detenido como probable responsable del delito de homicidio calificado en agravio de Onofre \u00abN\u00bb.<\/p>\n<p style=\"text-align: justify;\">Los hechos se encuentran relacionados con la causa penal 63\/2013-II por su probable participaci\u00f3n en la comisi\u00f3n del delito en menci\u00f3n.<\/p>\n<p>El detenido fue ingresado en el Centro de Reinserci\u00f3n Social de Chilpancingo y puesto a disposici\u00f3n del juez correspondiente, quien determinar\u00e1 la situaci\u00f3n jur\u00eddica.<\/p>\n","protected":false},"excerpt":{"rendered":"<p>CHILPANCINGO * 29 de octubre de 2021. ) FGE. El Ministerio P\u00fablico obtuvo prisi\u00f3n preventiva en contra de Jos\u00e9 Alfredo \u00abN\u00bb como probable responsable del delito de violaci\u00f3n, en la ciudad capital. El imputado es acusado por hechos del pasado 6 de agosto de 2021, cuando al llegar al domicilio de la v\u00edctima, en el&#8230;<\/p>\n","protected":false},"author":2,"featured_media":1233998,"comment_status":"closed","ping_status":"closed","sticky":false,"template":"","format":"standard","meta":{"footnotes":""},"categories":[1969,2005],"tags":[8682,10946],"class_list":["post-1233996","post","type-post","status-publish","format-standard","has-post-thumbnail","hentry","category-trending","category-seguridad-y-justicia","tag-fiscalia-general-de-guerrero-fge","tag-jorge-zuriel-de-los-santos-barrila"],"_links":{"self":[{"href":"https:\/\/www.acapulcopress.com\/index.php\/wp-json\/wp\/v2\/posts\/1233996","targetHints":{"allow":["GET"]}}],"collection":[{"href":"https:\/\/www.acapulcopress.com\/index.php\/wp-json\/wp\/v2\/posts"}],"about":[{"href":"https:\/\/www.acapulcopress.com\/index.php\/wp-json\/wp\/v2\/types\/post"}],"author":[{"embeddable":true,"href":"https:\/\/www.acapulcopress.com\/index.php\/wp-json\/wp\/v2\/users\/2"}],"replies":[{"embeddable":true,"href":"https:\/\/www.acapulcopress.com\/index.php\/wp-json\/wp\/v2\/comments?post=1233996"}],"version-history":[{"count":0,"href":"https:\/\/www.acapulcopress.com\/index.php\/wp-json\/wp\/v2\/posts\/1233996\/revisions"}],"wp:featuredmedia":[{"embeddable":true,"href":"https:\/\/www.acapulcopress.com\/index.php\/wp-json\/"}],"wp:attachment":[{"href":"https:\/\/www.acapulcopress.com\/index.php\/wp-json\/wp\/v2\/media?parent=1233996"}],"wp:term":[{"taxonomy":"category","embeddable":true,"href":"https:\/\/www.acapulcopress.com\/index.php\/wp-json\/wp\/v2\/categories?post=1233996"},{"taxonomy":"post_tag","embeddable":true,"href":"https:\/\/www.acapulcopress.com\/index.php\/wp-json\/wp\/v2\/tags?post=1233996"}],"curies":[{"name":"wp","href":"https:\/\/api.w.org\/{rel}","templated":true}]}}