{"id":1234013,"date":"2021-10-30T02:05:54","date_gmt":"2021-10-30T07:05:54","guid":{"rendered":"https:\/\/www.acapulco.press\/?p=1234013"},"modified":"2021-10-30T02:05:54","modified_gmt":"2021-10-30T07:05:54","slug":"violencia-culpa-de-medios-abelina","status":"publish","type":"post","link":"https:\/\/www.acapulcopress.com\/index.php\/2021\/10\/30\/violencia-culpa-de-medios-abelina\/","title":{"rendered":"Violencia, culpa de medios | Abelina"},"content":{"rendered":"<p style=\"text-align: justify;\">] ACAPULCO. * 29 de octubre de 2021.<br \/>\n<em>) <a href=\"https:\/\/latinus.us\/2021\/10\/29\/alarma-violencia-acapulco-la-hacen-los-medios-alcaldesa-abelina-lopez\/\" target=\"_blank\" rel=\"noopener\">Latintus<\/a>.<\/em><\/p>\n<p style=\"text-align: justify;\">La alcaldesa de Acapulco, Abelina L\u00f3pez Rodr\u00edguez, acus\u00f3 a los medios de comunicaci\u00f3n de causar \u201calarma\u201d por la violencia en el puerto e insinu\u00f3 que deben callar ante los cr\u00edmenes como se hace en Canc\u00fan.<\/p>\n<p style=\"text-align: justify;\">En los \u00faltimos d\u00edas se han registrado ataques armados a veh\u00edculos del transporte p\u00fablico y asesinatos, mientras que la Central de Abastos de Acapulco fue incendiada por un grupo armado, de acuerdo con fuentes policiacas. El siniestro dej\u00f3 unos 60 negocios con p\u00e9rdida total, aunque no se reportaron v\u00edctimas.<\/p>\n<p style=\"text-align: justify;\">Abelina L\u00f3pez dio una improvisada conferencia de prensa frente a la entrada del Maxit\u00fanel, donde vecinos del Fraccionamiento El Roble y la Unidad Habitacional Cuauht\u00e9moc protestaron para exigir abastecimiento de agua.<\/p>\n<p style=\"text-align: justify;\">Una periodista pregunt\u00f3 a la alcaldesa sobre los recientes hechos de violencia, lo que caus\u00f3 la molestia de los ciudadanos, que resaltaron que el tema era la escasez de agua. En respuesta, Abelina L\u00f3pez cuestion\u00f3 a la reportera: \u201c\u00bfUsted ama a Acapulco?\u201d, y enseguida critic\u00f3 a la comunicadora, pues, dijo, \u201csu actitud\u201d demuestra que no le tiene amor al puerto.<\/p>\n<p style=\"text-align: justify;\">\u201cUstedes son periodistas, investigan todo, me extra\u00f1a que hoy no investiguen que son zonas \u00e1lgidas\u2026 \u00bfD\u00edganme d\u00f3nde est\u00e1 la alarma de la violencia? La alarma la ponen los medios. Si no cuidamos lo que aqu\u00ed comemos, no s\u00e9 de qu\u00e9 vamos a comer\u2026 \u00bfPor qu\u00e9 Canc\u00fan se mantiene callado? Porque todos hemos entendido que hay que comer algo\u201d, dijo Abelina L\u00f3pez.<\/p>\n<p style=\"text-align: justify;\">Ante su declaraci\u00f3n, otro reportero le pregunt\u00f3 a la alcaldesa de Acapulco si la poblaci\u00f3n debe callar, pero ella opt\u00f3 por evadir la situaci\u00f3n y se dirigi\u00f3 a los ciudadanos, a quienes incluso cuestion\u00f3 su opini\u00f3n de los medios de comunicaci\u00f3n.<\/p>\n<p style=\"text-align: justify;\">En medio del intercambio de se\u00f1alamientos, Abelina L\u00f3pez incit\u00f3 a la ciudadan\u00eda a confrontarse con los reporteros. Los hechos ocurrieron luego de que anoche el comunicador Alfredo Cardoso Echeverr\u00eda fue sacado violentamente de su casa ubicada en la Colonia Loma Bonita, para m\u00e1s tarde ser abandonado en otro punto de la ciudad con golpes y lesiones.<\/p>\n","protected":false},"excerpt":{"rendered":"<p>] ACAPULCO. * 29 de octubre de 2021. ) Latintus. La alcaldesa de Acapulco, Abelina L\u00f3pez Rodr\u00edguez, acus\u00f3 a los medios de comunicaci\u00f3n de causar \u201calarma\u201d por la violencia en el puerto e insinu\u00f3 que deben callar ante los cr\u00edmenes como se hace en Canc\u00fan. En los \u00faltimos d\u00edas se han registrado ataques armados a&#8230;<\/p>\n","protected":false},"author":2,"featured_media":1233933,"comment_status":"closed","ping_status":"closed","sticky":false,"template":"","format":"standard","meta":{"footnotes":""},"categories":[1972,1997],"tags":[3077,9279],"class_list":["post-1234013","post","type-post","status-publish","format-standard","has-post-thumbnail","hentry","category-special","category-noticias-destacadas","tag-abelina-lopez-rodriguez","tag-gobierno-de-acapulco"],"_links":{"self":[{"href":"https:\/\/www.acapulcopress.com\/index.php\/wp-json\/wp\/v2\/posts\/1234013","targetHints":{"allow":["GET"]}}],"collection":[{"href":"https:\/\/www.acapulcopress.com\/index.php\/wp-json\/wp\/v2\/posts"}],"about":[{"href":"https:\/\/www.acapulcopress.com\/index.php\/wp-json\/wp\/v2\/types\/post"}],"author":[{"embeddable":true,"href":"https:\/\/www.acapulcopress.com\/index.php\/wp-json\/wp\/v2\/users\/2"}],"replies":[{"embeddable":true,"href":"https:\/\/www.acapulcopress.com\/index.php\/wp-json\/wp\/v2\/comments?post=1234013"}],"version-history":[{"count":0,"href":"https:\/\/www.acapulcopress.com\/index.php\/wp-json\/wp\/v2\/posts\/1234013\/revisions"}],"wp:featuredmedia":[{"embeddable":true,"href":"https:\/\/www.acapulcopress.com\/index.php\/wp-json\/"}],"wp:attachment":[{"href":"https:\/\/www.acapulcopress.com\/index.php\/wp-json\/wp\/v2\/media?parent=1234013"}],"wp:term":[{"taxonomy":"category","embeddable":true,"href":"https:\/\/www.acapulcopress.com\/index.php\/wp-json\/wp\/v2\/categories?post=1234013"},{"taxonomy":"post_tag","embeddable":true,"href":"https:\/\/www.acapulcopress.com\/index.php\/wp-json\/wp\/v2\/tags?post=1234013"}],"curies":[{"name":"wp","href":"https:\/\/api.w.org\/{rel}","templated":true}]}}