{"id":1234023,"date":"2021-10-31T12:37:21","date_gmt":"2021-10-31T18:37:21","guid":{"rendered":"https:\/\/www.acapulco.press\/?p=1234023"},"modified":"2021-10-31T12:37:21","modified_gmt":"2021-10-31T18:37:21","slug":"impelenta-armada-de-mexico-operacion-salvavidas-2021","status":"publish","type":"post","link":"https:\/\/www.acapulcopress.com\/index.php\/2021\/10\/31\/impelenta-armada-de-mexico-operacion-salvavidas-2021\/","title":{"rendered":"Impelenta Armada de M\u00e9xico \u00abOperaci\u00f3n Salvavidas 2021\u00bb"},"content":{"rendered":"<p><img loading=\"lazy\" decoding=\"async\" class=\"alignnone wp-image-1234026 size-large\" src=\"https:\/\/www.acapulco.press\/wp-content\/uploads\/2021\/10\/Semar-2-840x483.jpeg\" alt=\"\" width=\"840\" height=\"483\" \/><\/p>\n<p>] ACAPULCO. * 30 de octubre de 2021.<br \/>\n<em>) Semar.<\/em><\/p>\n<p><img loading=\"lazy\" decoding=\"async\" class=\"alignleft size-medium wp-image-1234027\" src=\"https:\/\/www.acapulco.press\/wp-content\/uploads\/2021\/10\/Semar2-1-375x250.jpeg\" alt=\"\" width=\"375\" height=\"250\" \/>La Secretar\u00eda de Marina en el ejercicio de la Autoridad Mar\u00edtima Nacional, a trav\u00e9s de la Armada de M\u00e9xico en funciones de Guardia Costera, informa que esta ma\u00f1ana se implement\u00f3 la \u201cOperaci\u00f3n Salvavidas D\u00eda de muertos 2021\u201d en playas del estado de Guerrero para salvaguardar la vida humana en la mar en estos d\u00edas de asueto.<\/p>\n<p>Por lo anterior, se encuentran empe\u00f1ados 80 elementos navales, adscritos a la Octava Regi\u00f3n Naval, con sede en esta ciudad y puerto; cinco unidades de superficie, una aeronave, as\u00ed como cinco veh\u00edculos, incluyendo una ambulancia.<\/p>\n<p>Los recursos humanos y materiales de la Instituci\u00f3n realizar\u00e1n recorridos de vigilancia mar\u00edtima, a\u00e9rea y terrestre, con el objetivo de proporcionar seguridad y vigilancia a los vacacionistas nacionales e internacionales que visitar\u00e1n los principales destinos tur\u00edsticos.<\/p>\n<p><img loading=\"lazy\" decoding=\"async\" class=\"alignnone wp-image-1234029 size-large\" src=\"https:\/\/www.acapulco.press\/wp-content\/uploads\/2021\/10\/Semar4-1-840x601.jpeg\" alt=\"\" width=\"840\" height=\"601\" \/><\/p>\n<p>Cabe hacer menci\u00f3n que la Armada de M\u00e9xico invita a la poblaci\u00f3n a tomar las medidas de sanidad correspondientes derivadas de la contingencia COVID-19, as\u00ed mismo pone a disposici\u00f3n los siguientes n\u00fameros telef\u00f3nicos y correos de contacto en caso de cualquier emergencia en la mar:<\/p>\n<p>* <strong>Octava Regi\u00f3n Naval<\/strong>:<br \/>\nTel: (744) 406 62 09<\/p>\n<p>* <strong>Estaci\u00f3n de B\u00fasqueda, Rescate y Vigilancia Mar\u00edtima de Acapulco<\/strong> (Ensar):<br \/>\nTels: (744) 406 61 67, (744) 323 33 21<\/p>\n<p>* Correo electr\u00f3nico: <em>ensar_acapulco@hotmail.com<\/em><\/p>\n<p><strong>Semar (Ciudad de M\u00e9xico)<\/strong><\/p>\n<p>* <strong>Centro de Comando y Control Semar<\/strong>: 800 6274621 \/ 800 (Marina1).<\/p>\n<p>* <strong>Conmutador<\/strong>: (55) 56 24 65 00, opci\u00f3n 1 \u00f3 a la extensi\u00f3n 1000.<\/p>\n","protected":false},"excerpt":{"rendered":"<p>] ACAPULCO. * 30 de octubre de 2021. ) Semar. La Secretar\u00eda de Marina en el ejercicio de la Autoridad Mar\u00edtima Nacional, a trav\u00e9s de la Armada de M\u00e9xico en funciones de Guardia Costera, informa que esta ma\u00f1ana se implement\u00f3 la \u201cOperaci\u00f3n Salvavidas D\u00eda de muertos 2021\u201d en playas del estado de Guerrero para salvaguardar&#8230;<\/p>\n","protected":false},"author":2,"featured_media":1234028,"comment_status":"closed","ping_status":"closed","sticky":false,"template":"","format":"standard","meta":{"footnotes":""},"categories":[1969,1972,2005],"tags":[16222],"class_list":["post-1234023","post","type-post","status-publish","format-standard","has-post-thumbnail","hentry","category-trending","category-special","category-seguridad-y-justicia","tag-secretaria-de-marina-semar"],"_links":{"self":[{"href":"https:\/\/www.acapulcopress.com\/index.php\/wp-json\/wp\/v2\/posts\/1234023","targetHints":{"allow":["GET"]}}],"collection":[{"href":"https:\/\/www.acapulcopress.com\/index.php\/wp-json\/wp\/v2\/posts"}],"about":[{"href":"https:\/\/www.acapulcopress.com\/index.php\/wp-json\/wp\/v2\/types\/post"}],"author":[{"embeddable":true,"href":"https:\/\/www.acapulcopress.com\/index.php\/wp-json\/wp\/v2\/users\/2"}],"replies":[{"embeddable":true,"href":"https:\/\/www.acapulcopress.com\/index.php\/wp-json\/wp\/v2\/comments?post=1234023"}],"version-history":[{"count":0,"href":"https:\/\/www.acapulcopress.com\/index.php\/wp-json\/wp\/v2\/posts\/1234023\/revisions"}],"wp:featuredmedia":[{"embeddable":true,"href":"https:\/\/www.acapulcopress.com\/index.php\/wp-json\/"}],"wp:attachment":[{"href":"https:\/\/www.acapulcopress.com\/index.php\/wp-json\/wp\/v2\/media?parent=1234023"}],"wp:term":[{"taxonomy":"category","embeddable":true,"href":"https:\/\/www.acapulcopress.com\/index.php\/wp-json\/wp\/v2\/categories?post=1234023"},{"taxonomy":"post_tag","embeddable":true,"href":"https:\/\/www.acapulcopress.com\/index.php\/wp-json\/wp\/v2\/tags?post=1234023"}],"curies":[{"name":"wp","href":"https:\/\/api.w.org\/{rel}","templated":true}]}}