{"id":1234034,"date":"2021-10-31T12:58:32","date_gmt":"2021-10-31T18:58:32","guid":{"rendered":"https:\/\/www.acapulco.press\/?p=1234034"},"modified":"2021-10-31T12:58:32","modified_gmt":"2021-10-31T18:58:32","slug":"gobierno-de-torita-engana-a-jubilados","status":"publish","type":"post","link":"https:\/\/www.acapulcopress.com\/index.php\/2021\/10\/31\/gobierno-de-torita-engana-a-jubilados\/","title":{"rendered":"Gobierno de &#8216;Torita&#8217; enga\u00f1a a jubilados"},"content":{"rendered":"<p style=\"text-align: justify;\"><em>* Secretar\u00eda de Finanzas del Gobierno del Estado incumpli\u00f3 disposici\u00f3n federal del presidente Andr\u00e9s Manuel L\u00f3pez Obrador a favor de los jubilados y pensionados de Guerrero, se queja el representante estatal de este sector vulnerable, Feliciano P\u00e9rez Jim\u00e9nez.<\/em><\/p>\n<p style=\"text-align: justify;\">\u00bb <strong>Fulgencio Ram\u00edrez Lozano.<\/strong><br \/>\n] ACAPULCO. * 30 de octubre de 2021.<br \/>\n<em>) Aps.<\/em><br \/>\nA pesar de que el gobierno federal que preside Andr\u00e9s Manuel L\u00f3pez Obrador elev\u00f3 a tango constitucional el pago de las pensiones para las personas adultas, en Guerrero se incumple con esa disposici\u00f3n, ya que apenas y les depositaron una cuarta parte de lo que les corresponde del mes de septiembre.<\/p>\n<figure id=\"attachment_1234025\" aria-describedby=\"caption-attachment-1234025\" style=\"width: 375px\" class=\"wp-caption alignleft\"><img loading=\"lazy\" decoding=\"async\" class=\"wp-image-1234025 size-medium\" src=\"https:\/\/www.acapulco.press\/wp-content\/uploads\/2021\/10\/Feliciano-Radilla-375x330.jpg\" alt=\"\" width=\"375\" height=\"330\" \/><figcaption id=\"caption-attachment-1234025\" class=\"wp-caption-text\"><strong>Feliciano P\u00e9rez Jim\u00e9nez<\/strong> | <em>Jubilados de Guerrero anuncian medidas dr\u00e1sticas para presionar a morosos a que paguen sus adeudos hist\u00f3ricos.<\/em><\/figcaption><\/figure>\n<p style=\"text-align: justify;\">El presidente de la Asociaci\u00f3n de Jubilados y Pensionados del Estado de Guerrero y Municipios, Secci\u00f3n II, Feliciano P\u00e9rez Jim\u00e9nez, expres\u00f3 su inconformidad por el incumplimiento a lo que por derecho de lo que les corresponde.<\/p>\n<p style=\"text-align: justify;\">\u00abNo quiero pensar que sea producto del poco inter\u00e9s que representamos para esta administraci\u00f3n que encabeza Evelyn Salgado Pineda\u00bb, subray\u00f3 el dirigente.<\/p>\n<p style=\"text-align: justify;\">Asimismo, precis\u00f3 que el secretario de Finanzas del gobierno estatal, Raymundo Segura Estrada, se hab\u00eda comprometido con los jubilados y pensionados a qu\u00e9 se les pagar\u00eda en tiempo y forma, \u00abnos extern\u00f3 que nunca nos enga\u00f1ar\u00edan con las fechas de pago, y fall\u00f3. Lamentamos que no nos hayan depositado completo\u00bb.<\/p>\n<p style=\"text-align: justify;\">P\u00e9rez Jim\u00e9nez agreg\u00f3 que el ISSSPEG no cuenta con el respaldo del gobierno para funcionar debidamente para cumplir con los pagos oportunos de las ministraciones.<\/p>\n<p style=\"text-align: justify;\">Aclaro el l\u00edder de los jubilados y pensionados en el estado que al ISSSPEG debieron de haberle entregado las cuotas obrero-patronales que ya se cobraron a municipios, institutos y organismos no descentralizados; de la segunda quincena de agosto, 28 millones de pesos, y solo entregaron 8 millones.<\/p>\n<p style=\"text-align: justify;\">Hizo hincapi\u00e9 que tambi\u00e9n se deben las retenciones de la segunda quincena de septiembre y la segunda de octubre.<\/p>\n<p style=\"text-align: justify;\">Ante la problem\u00e1tica que sufren los jubilados y pensionados por la falta de pagos, y no poder comprar no sus medicamentos, hizo un llamado: \u00abMi gobernadora, le propongo formalmente que estamos con una oportunidad para que con las retenciones del mes del mes de septiembre nos pague octubre y con las retenciones de octubre nos pague noviembre, y con esto se estar\u00e1 aplicando y podremos sentir la verdadera transformaci\u00f3n y quedaremos homologados al sistema nacional\u00bb.<\/p>\n<p style=\"text-align: justify;\">Finalmente, Feliciano P\u00e9rez indic\u00f3 que en caso de seguir siendo desatendidos, tomar\u00e1n medidas serias, formales y contundentes. C\u00f3mo organizaci\u00f3n ser\u00eda, asever\u00f3 que \u00abno permitiremos una falta de respeto m\u00e1s\u00bb.<\/p>\n","protected":false},"excerpt":{"rendered":"<p>* Secretar\u00eda de Finanzas del Gobierno del Estado incumpli\u00f3 disposici\u00f3n federal del presidente Andr\u00e9s Manuel L\u00f3pez Obrador a favor de los jubilados y pensionados de Guerrero, se queja el representante estatal de este sector vulnerable, Feliciano P\u00e9rez Jim\u00e9nez. \u00bb Fulgencio Ram\u00edrez Lozano. ] ACAPULCO. * 30 de octubre de 2021. ) Aps. A pesar de&#8230;<\/p>\n","protected":false},"author":2,"featured_media":1234024,"comment_status":"closed","ping_status":"closed","sticky":false,"template":"","format":"standard","meta":{"footnotes":""},"categories":[1972,1997],"tags":[],"class_list":["post-1234034","post","type-post","status-publish","format-standard","has-post-thumbnail","hentry","category-special","category-noticias-destacadas"],"_links":{"self":[{"href":"https:\/\/www.acapulcopress.com\/index.php\/wp-json\/wp\/v2\/posts\/1234034","targetHints":{"allow":["GET"]}}],"collection":[{"href":"https:\/\/www.acapulcopress.com\/index.php\/wp-json\/wp\/v2\/posts"}],"about":[{"href":"https:\/\/www.acapulcopress.com\/index.php\/wp-json\/wp\/v2\/types\/post"}],"author":[{"embeddable":true,"href":"https:\/\/www.acapulcopress.com\/index.php\/wp-json\/wp\/v2\/users\/2"}],"replies":[{"embeddable":true,"href":"https:\/\/www.acapulcopress.com\/index.php\/wp-json\/wp\/v2\/comments?post=1234034"}],"version-history":[{"count":0,"href":"https:\/\/www.acapulcopress.com\/index.php\/wp-json\/wp\/v2\/posts\/1234034\/revisions"}],"wp:featuredmedia":[{"embeddable":true,"href":"https:\/\/www.acapulcopress.com\/index.php\/wp-json\/"}],"wp:attachment":[{"href":"https:\/\/www.acapulcopress.com\/index.php\/wp-json\/wp\/v2\/media?parent=1234034"}],"wp:term":[{"taxonomy":"category","embeddable":true,"href":"https:\/\/www.acapulcopress.com\/index.php\/wp-json\/wp\/v2\/categories?post=1234034"},{"taxonomy":"post_tag","embeddable":true,"href":"https:\/\/www.acapulcopress.com\/index.php\/wp-json\/wp\/v2\/tags?post=1234034"}],"curies":[{"name":"wp","href":"https:\/\/api.w.org\/{rel}","templated":true}]}}