{"id":1234042,"date":"2021-10-31T13:36:05","date_gmt":"2021-10-31T19:36:05","guid":{"rendered":"https:\/\/www.acapulco.press\/?p=1234042"},"modified":"2021-10-31T13:36:05","modified_gmt":"2021-10-31T19:36:05","slug":"gabybernal-defendere-lo-que-legitimamente-le-corresponde-a-mujeres-y-ninas-de-guerrero","status":"publish","type":"post","link":"https:\/\/www.acapulcopress.com\/index.php\/2021\/10\/31\/gabybernal-defendere-lo-que-legitimamente-le-corresponde-a-mujeres-y-ninas-de-guerrero\/","title":{"rendered":"GabyBernal | \u201cDefender\u00e9 lo que leg\u00edtimamente le corresponde a mujeres y ni\u00f1as de Guerrero\u201d"},"content":{"rendered":"<p style=\"text-align: justify;\"><strong>* Al encabezar la instalaci\u00f3n de la Comisi\u00f3n de Igualdad de G\u00e9nero en la LXIII Legislatura del Congreso del Estado, la diputada se comprometi\u00f3 a trabajar de la mano de sus compa\u00f1eras legisladoras para encauzar leyes a favor de los derechos de las mujeres y ni\u00f1as guerrerenses.<\/strong><\/p>\n<p>] CHILPANCINGO. * 30 de octubre de 2021.<br \/>\n<em>) Especial.<\/em><\/p>\n<p style=\"text-align: justify;\"><img loading=\"lazy\" decoding=\"async\" class=\"alignleft size-medium wp-image-1234045\" src=\"https:\/\/www.acapulco.press\/wp-content\/uploads\/2021\/10\/gaby-bernal5-375x250.jpg\" alt=\"\" width=\"375\" height=\"250\" \/>La diputada Gabriela Bernal Res\u00e9ndiz se comprometi\u00f3 a trabajar para que todas las mujeres y ni\u00f1as puedan desarrollarse de manera plena en el ejercicio de sus derechos, sin violencia de ning\u00fan tipo y con igualdad de condiciones econ\u00f3micas y sociales, para que exista una base ideol\u00f3gica libre de prejuicios, tab\u00faes y limitantes que permitan a todas alcanzas sus anhelos\u00bb.<\/p>\n<p style=\"text-align: justify;\">Durante la instalaci\u00f3n de la Comisi\u00f3n de Igualdad de G\u00e9nero de la LXIII Legislatura del Congreso del Estado de Guerrero, la cual preside, Gaby Bernal se\u00f1al\u00f3 tambi\u00e9n que dicha comisi\u00f3n ser\u00e1 la m\u00e1s activa, la m\u00e1s progresista y la m\u00e1s audaz en la defensa de los derechos de las ni\u00f1as y mujeres guerrerenses.<\/p>\n<p style=\"text-align: justify;\">\u00abQueremos un Guerrero libre de violencia, de discriminaci\u00f3n, con mujeres en plenitud de sus derechos y libertades, ese ser\u00e1 mi compromiso al frente de esta comisi\u00f3n\u00bb declar\u00f3 la legisladora, quien a\u00f1adi\u00f3 que \u00abla lucha de las mujeres est\u00e1 guiada por la dignidad, la justicia y la exigencia del respeto a nuestros derechos\u00bb.<\/p>\n<p style=\"text-align: justify;\">\u201cNo pedimos ning\u00fan privilegio, ninguna tutela; pero tampoco aceptamos menos de lo que leg\u00edtimamente nos corresponde\u00bb, suscribi\u00f3.<\/p>\n<p>En el acto protocolario le acompa\u00f1aron activistas, colectivos de mujeres, artesanas, acad\u00e9micas profesionistas, pol\u00edticas, entre otras, las cuales les brindaron su respaldo a las integrantes de la comisi\u00f3n, con la esperanza y la confianza de que se conquistar\u00e1n grandes logros y avances en cuanto a la defensa y ejercicio de los derechos de la mujer.<\/p>\n<p><img loading=\"lazy\" decoding=\"async\" class=\"alignnone wp-image-1234043 \" src=\"https:\/\/www.acapulco.press\/wp-content\/uploads\/2021\/10\/gaby-bernal2.jpg\" alt=\"\" width=\"840\" height=\"559\" \/><\/p>\n","protected":false},"excerpt":{"rendered":"<p>* Al encabezar la instalaci\u00f3n de la Comisi\u00f3n de Igualdad de G\u00e9nero en la LXIII Legislatura del Congreso del Estado, la diputada se comprometi\u00f3 a trabajar de la mano de sus compa\u00f1eras legisladoras para encauzar leyes a favor de los derechos de las mujeres y ni\u00f1as guerrerenses. ] CHILPANCINGO. * 30 de octubre de 2021&#8230;.<\/p>\n","protected":false},"author":2,"featured_media":1234044,"comment_status":"closed","ping_status":"closed","sticky":false,"template":"","format":"standard","meta":{"footnotes":""},"categories":[61,18561],"tags":[6384,9062,12249],"class_list":["post-1234042","post","type-post","status-publish","format-standard","has-post-thumbnail","hentry","category-legislacion","category-society-politics","tag-congreso-del-estado-de-guerrero","tag-gabriela-bernal-resendiz","tag-lxiii-legislatura"],"_links":{"self":[{"href":"https:\/\/www.acapulcopress.com\/index.php\/wp-json\/wp\/v2\/posts\/1234042","targetHints":{"allow":["GET"]}}],"collection":[{"href":"https:\/\/www.acapulcopress.com\/index.php\/wp-json\/wp\/v2\/posts"}],"about":[{"href":"https:\/\/www.acapulcopress.com\/index.php\/wp-json\/wp\/v2\/types\/post"}],"author":[{"embeddable":true,"href":"https:\/\/www.acapulcopress.com\/index.php\/wp-json\/wp\/v2\/users\/2"}],"replies":[{"embeddable":true,"href":"https:\/\/www.acapulcopress.com\/index.php\/wp-json\/wp\/v2\/comments?post=1234042"}],"version-history":[{"count":0,"href":"https:\/\/www.acapulcopress.com\/index.php\/wp-json\/wp\/v2\/posts\/1234042\/revisions"}],"wp:featuredmedia":[{"embeddable":true,"href":"https:\/\/www.acapulcopress.com\/index.php\/wp-json\/"}],"wp:attachment":[{"href":"https:\/\/www.acapulcopress.com\/index.php\/wp-json\/wp\/v2\/media?parent=1234042"}],"wp:term":[{"taxonomy":"category","embeddable":true,"href":"https:\/\/www.acapulcopress.com\/index.php\/wp-json\/wp\/v2\/categories?post=1234042"},{"taxonomy":"post_tag","embeddable":true,"href":"https:\/\/www.acapulcopress.com\/index.php\/wp-json\/wp\/v2\/tags?post=1234042"}],"curies":[{"name":"wp","href":"https:\/\/api.w.org\/{rel}","templated":true}]}}