{"id":1234050,"date":"2021-10-31T14:01:03","date_gmt":"2021-10-31T20:01:03","guid":{"rendered":"https:\/\/www.acapulco.press\/?p=1234050"},"modified":"2021-10-31T14:01:03","modified_gmt":"2021-10-31T20:01:03","slug":"coronan-a-daniela-cardona-como-la-mexicana-universal-ciudad-de-mexico-2021","status":"publish","type":"post","link":"https:\/\/www.acapulcopress.com\/index.php\/2021\/10\/31\/coronan-a-daniela-cardona-como-la-mexicana-universal-ciudad-de-mexico-2021\/","title":{"rendered":"Coronan a Daniela Cardona como la Mexicana Universal Ciudad de M\u00e9xico 2021"},"content":{"rendered":"<p style=\"text-align: justify;\">] CIUDAD DE M\u00c9XICO. * 31 de octubre de 2021.<br \/>\n<em>) Difunet. <\/em><\/p>\n<p style=\"text-align: justify;\"><img loading=\"lazy\" decoding=\"async\" class=\"alignleft size-medium wp-image-1234053\" src=\"https:\/\/www.acapulco.press\/wp-content\/uploads\/2021\/10\/Mexicana-Universal3-375x250.jpeg\" alt=\"\" width=\"375\" height=\"250\" \/>Entre 152 aspirantes que so\u00f1aban con representar a la capital del pa\u00eds durante un largo proceso surcado por la pandemia de Covid-19, Daniela Cardona destac\u00f3, no s\u00f3lo por su belleza, sino tambi\u00e9n por su visi\u00f3n del mundo en los \u00faltimos cinco a\u00f1os para convertirse anoche en la Mexicana Universal Ciudad de M\u00e9xico, tras superar a las otras 7 finalistas y apuntarse para la final nacional en abril de 2022, a celebrarse en el puerto de Veracruz.<\/p>\n<p style=\"text-align: justify;\">Daniela Carmona se convierte, adem\u00e1s, en embajadora de Coparmex CdmMx, que preside Armando Z\u00fa\u00f1iga Salinas, centro empresarial que particip\u00f3 con el copatrocinio del evento, como de la organizaci\u00f3n a trav\u00e9s del presidente de la Comisi\u00f3n de Turismo, Armando Culebro, quienes realizan esfuerzos para potenciar la reactivaci\u00f3n de la econom\u00eda de la Ciudad de M\u00e9xico.<\/p>\n<p style=\"text-align: justify;\">Tras la ronda de preguntas sobre temas de inter\u00e9s actual, aderezadas por las porras y aplausos de los <img loading=\"lazy\" decoding=\"async\" class=\"alignleft size-medium wp-image-1234054\" src=\"https:\/\/www.acapulco.press\/wp-content\/uploads\/2021\/10\/Mexicana-Universal5-375x250.jpeg\" alt=\"\" width=\"375\" height=\"250\" \/>familiares y amigos de las ocho finalistas la noche de ayer, el segundo puesto correspondi\u00f3 a Fernanda Guti\u00e9rrez, el tercero fue para Kirssa Coste, mientras la cuarta finalista fue Aranxa Pino.<\/p>\n<p style=\"text-align: justify;\">Las otras chicas que al llegar la noche de ayer so\u00f1aron con seguir los pasos de las Miss Universo mexicanas Lupita Jones, Ximena Navarrete y Andrea Meza, fueron Tanya Salum, Itzel Uribe, Xiadani Saucedo y Mar\u00eda Elena Jim\u00e9nez.<\/p>\n<p style=\"text-align: justify;\">Daniela Cardona, ya con la corona sobre su cabeza, resalt\u00f3 que representar\u00e1 a la Ciudad de M\u00e9xico con su belleza interna y siempre aportando algo bueno a todas las personas que la rodean, de la misma forma como fue su mensaje tras la pregunta que le permiti\u00f3 ponerse la banda, de acuerdo con el fallo de los jueces.<\/p>\n<p style=\"text-align: justify;\">\u201cEn todo el mundo decidimos hacer una campa\u00f1a contra el pl\u00e1stico para darle un respiro al planeta. <img loading=\"lazy\" decoding=\"async\" class=\"alignleft size-medium wp-image-1234057\" src=\"https:\/\/www.acapulco.press\/wp-content\/uploads\/2021\/10\/Mexicana-Universal8-375x250.jpeg\" alt=\"\" width=\"375\" height=\"250\" \/>Cuando menos lo esper\u00e1bamos, una enfermedad desconocida comenz\u00f3 a recorrer nuestro mundo y no tuvimos otra opci\u00f3n m\u00e1s que hacer una pausa; el mundo por primera vez se detuvo y pudimos ver los cielos despejados, los r\u00edos limpios y por primera vez en mucho tiempo tuvimos espacio para nosotros mismos. Hubo mucho miedo, mucho valor, muchas personas salieron a luchar contra esta enfermedad, muchos tambi\u00e9n pensaron que esto no era real, y otras personas se volcaron a la ciencia para otorgarnos una esperanza; hoy somos una humanidad que est\u00e1 curando sus heridas y rehaciendo su futuro\u201d, expres\u00f3.<\/p>\n<p style=\"text-align: justify;\">Aranxa Pino respondi\u00f3 en su oportunidad a la pregunta \u00bfqu\u00e9 har\u00edas si fueras Jefa de Gobierno?: \u201cContinuar\u00eda con el esquema de vacunaci\u00f3n, ya que es importante que todos los ciudadanos se encuentren fuera de riesgo para que puedan retomar sus actividades; el segundo punto ser\u00eda centrarme en las micro, peque\u00f1as y medianas empresas, ya que son el pilar de nuestra econom\u00eda y principales <img loading=\"lazy\" decoding=\"async\" class=\"alignleft size-medium wp-image-1234055\" src=\"https:\/\/www.acapulco.press\/wp-content\/uploads\/2021\/10\/Mexicana-Universal6-375x250.jpeg\" alt=\"\" width=\"375\" height=\"250\" \/>generadoras de empleo; lo har\u00eda a trav\u00e9s del otorgamiento de cr\u00e9ditos con mayores facilidades; y el tercer punto ser\u00eda centrarme, sin duda, en el sector tur\u00edstico ya que genera una derrama econ\u00f3mica muy importante para la Ciudad de M\u00e9xico, y lo har\u00eda a trav\u00e9s de la creaci\u00f3n de eventos masivos de inter\u00e9s nacional e internacional\u201d.<\/p>\n<p style=\"text-align: justify;\">Alrededor de 152 j\u00f3venes mujeres de la Ciudad de M\u00e9xico se inscribieron en l\u00ednea para participar en el concurso, de las cuales 30 fueron preseleccionadas para realizar un casting y de ellas \u00fanicamente ocho llegaron a la final celebrada anoche, dio a conocer Christian de Anda, representante y organizadora en esta capital de la plataforma Mexicana Universal que a nivel nacional dirige Lupita Jones.<\/p>\n<p style=\"text-align: justify;\">\u201cHicimos esta alianza con Coparmex de la cual estoy s\u00faper orgullosa porque lo que estamos buscando es enaltecer que las mujeres no s\u00f3lo son bellas, son inteligentes y trabajadoras, y que estamos reactivando la econom\u00eda del pa\u00eds tras esta pandemia tan dif\u00edcil, y aqu\u00ed es donde Mexicana Universal le quiere mostrar a M\u00e9xico y al mundo que las mujeres bonitas, disciplinadas y orgullosas, son las mujeres del futuro que van a sacar a este pa\u00eds adelante\u201d.<\/p>\n<p style=\"text-align: justify;\">Armando Z\u00fa\u00f1iga Salinas, presidente de Coparmex CDMX dijo que este tipo de eventos ayudan a ver la luz al final el t\u00fanel luego de que la pandemia gener\u00f3 la p\u00e9rdida de 70 mil unidades de negocio en la Ciudad de M\u00e9xico y con la colaboraci\u00f3n como embajadora de la Mexicana Universal, Daniela Cardona, trabajar\u00e1 para recuperar la confianza en la inversi\u00f3n y poder recuperar todo lo perdido.<\/p>\n<p style=\"text-align: justify;\">Presentes en el evento conducido por Luz Rinc\u00f3n y Armando Culebro, estuvieron, adem\u00e1s de Lupita Jones, la actual Mexicana Universal M\u00e9xico 2021, D\u00e9bora Hallal, quien en diciembre representar\u00e1 a nuestro pa\u00eds en el certamen mundial a celebrarse por primera ocasi\u00f3n en Israel, adem\u00e1s de Carolina Lucero, Mexicana Universal CDMX en 2019 para entregar la corona a la nueva representante de la belleza e inteligencia de la Ciudad de M\u00e9xico.<\/p>\n<p style=\"text-align: justify;\">Daniela Cardona es coronada Mexicana Universal CDMX 2021 por la representante de 2019, Carolina Lucero.<\/p>\n","protected":false},"excerpt":{"rendered":"<p>] CIUDAD DE M\u00c9XICO. * 31 de octubre de 2021. ) Difunet. Entre 152 aspirantes que so\u00f1aban con representar a la capital del pa\u00eds durante un largo proceso surcado por la pandemia de Covid-19, Daniela Cardona destac\u00f3, no s\u00f3lo por su belleza, sino tambi\u00e9n por su visi\u00f3n del mundo en los \u00faltimos cinco a\u00f1os para&#8230;<\/p>\n","protected":false},"author":2,"featured_media":1234052,"comment_status":"closed","ping_status":"closed","sticky":false,"template":"","format":"standard","meta":{"footnotes":""},"categories":[1972,1988,1992],"tags":[6935,13002],"class_list":["post-1234050","post","type-post","status-publish","format-standard","has-post-thumbnail","hentry","category-special","category-lifestyles","category-pasarelas","tag-daniela-cardona","tag-mexicana-universal-ciudad-de-mexico-2021"],"_links":{"self":[{"href":"https:\/\/www.acapulcopress.com\/index.php\/wp-json\/wp\/v2\/posts\/1234050","targetHints":{"allow":["GET"]}}],"collection":[{"href":"https:\/\/www.acapulcopress.com\/index.php\/wp-json\/wp\/v2\/posts"}],"about":[{"href":"https:\/\/www.acapulcopress.com\/index.php\/wp-json\/wp\/v2\/types\/post"}],"author":[{"embeddable":true,"href":"https:\/\/www.acapulcopress.com\/index.php\/wp-json\/wp\/v2\/users\/2"}],"replies":[{"embeddable":true,"href":"https:\/\/www.acapulcopress.com\/index.php\/wp-json\/wp\/v2\/comments?post=1234050"}],"version-history":[{"count":0,"href":"https:\/\/www.acapulcopress.com\/index.php\/wp-json\/wp\/v2\/posts\/1234050\/revisions"}],"wp:featuredmedia":[{"embeddable":true,"href":"https:\/\/www.acapulcopress.com\/index.php\/wp-json\/"}],"wp:attachment":[{"href":"https:\/\/www.acapulcopress.com\/index.php\/wp-json\/wp\/v2\/media?parent=1234050"}],"wp:term":[{"taxonomy":"category","embeddable":true,"href":"https:\/\/www.acapulcopress.com\/index.php\/wp-json\/wp\/v2\/categories?post=1234050"},{"taxonomy":"post_tag","embeddable":true,"href":"https:\/\/www.acapulcopress.com\/index.php\/wp-json\/wp\/v2\/tags?post=1234050"}],"curies":[{"name":"wp","href":"https:\/\/api.w.org\/{rel}","templated":true}]}}