{"id":1234063,"date":"2021-11-01T11:14:48","date_gmt":"2021-11-01T17:14:48","guid":{"rendered":"https:\/\/www.acapulco.press\/?p=1234063"},"modified":"2021-11-01T11:14:48","modified_gmt":"2021-11-01T17:14:48","slug":"ministeriales-capturan-en-acapulco-a-responsable-de-robo-calificado","status":"publish","type":"post","link":"https:\/\/www.acapulcopress.com\/index.php\/2021\/11\/01\/ministeriales-capturan-en-acapulco-a-responsable-de-robo-calificado\/","title":{"rendered":"Ministeriales capturan en Acapulco a responsable de robo calificado"},"content":{"rendered":"<p>] CHILPANCINGO. * 1 de noviembre de 2021.<br \/>\n<em>) <a href=\"https:\/\/fiscaliaguerrero.gob.mx\" target=\"_blank\" rel=\"noopener\">https:\/\/fiscaliaguerrero.gob.mx<\/a>.<\/em><\/p>\n<p style=\"text-align: justify;\">Fiscal\u00eda de Guerrero a trav\u00e9s de la Polic\u00eda Investigadora Ministerial de Acapulco, sector Barrios Hist\u00f3ricos, dio cumplimiento a una orden de reaprehensi\u00f3n en contra de quien dijo llamarse Daniel \u00abN\u00bb, detenido como probable responsable del delito de robo calificado en agravio de cadena de tienda comercial, quedando a disposici\u00f3n del Juez Primero de Primera Instancia del Distrito Judicial de Tabares.<\/p>\n","protected":false},"excerpt":{"rendered":"<p>] CHILPANCINGO. * 1 de noviembre de 2021. ) https:\/\/fiscaliaguerrero.gob.mx. Fiscal\u00eda de Guerrero a trav\u00e9s de la Polic\u00eda Investigadora Ministerial de Acapulco, sector Barrios Hist\u00f3ricos, dio cumplimiento a una orden de reaprehensi\u00f3n en contra de quien dijo llamarse Daniel \u00abN\u00bb, detenido como probable responsable del delito de robo calificado en agravio de cadena de tienda&#8230;<\/p>\n","protected":false},"author":2,"featured_media":1234064,"comment_status":"closed","ping_status":"closed","sticky":false,"template":"","format":"standard","meta":{"footnotes":""},"categories":[1969,2005],"tags":[8703,10946,14737],"class_list":["post-1234063","post","type-post","status-publish","format-standard","has-post-thumbnail","hentry","category-trending","category-seguridad-y-justicia","tag-fiscalia-general-del-estado-de-guerrero-fge","tag-jorge-zuriel-de-los-santos-barrila","tag-policia-ministerial-de-guerrero"],"_links":{"self":[{"href":"https:\/\/www.acapulcopress.com\/index.php\/wp-json\/wp\/v2\/posts\/1234063","targetHints":{"allow":["GET"]}}],"collection":[{"href":"https:\/\/www.acapulcopress.com\/index.php\/wp-json\/wp\/v2\/posts"}],"about":[{"href":"https:\/\/www.acapulcopress.com\/index.php\/wp-json\/wp\/v2\/types\/post"}],"author":[{"embeddable":true,"href":"https:\/\/www.acapulcopress.com\/index.php\/wp-json\/wp\/v2\/users\/2"}],"replies":[{"embeddable":true,"href":"https:\/\/www.acapulcopress.com\/index.php\/wp-json\/wp\/v2\/comments?post=1234063"}],"version-history":[{"count":0,"href":"https:\/\/www.acapulcopress.com\/index.php\/wp-json\/wp\/v2\/posts\/1234063\/revisions"}],"wp:featuredmedia":[{"embeddable":true,"href":"https:\/\/www.acapulcopress.com\/index.php\/wp-json\/"}],"wp:attachment":[{"href":"https:\/\/www.acapulcopress.com\/index.php\/wp-json\/wp\/v2\/media?parent=1234063"}],"wp:term":[{"taxonomy":"category","embeddable":true,"href":"https:\/\/www.acapulcopress.com\/index.php\/wp-json\/wp\/v2\/categories?post=1234063"},{"taxonomy":"post_tag","embeddable":true,"href":"https:\/\/www.acapulcopress.com\/index.php\/wp-json\/wp\/v2\/tags?post=1234063"}],"curies":[{"name":"wp","href":"https:\/\/api.w.org\/{rel}","templated":true}]}}