{"id":1234069,"date":"2021-11-02T22:43:13","date_gmt":"2021-11-03T04:43:13","guid":{"rendered":"https:\/\/www.acapulco.press\/?p=1234069"},"modified":"2021-11-02T22:43:13","modified_gmt":"2021-11-03T04:43:13","slug":"ernesto-rivera-la-vision-aldeana-de-abelina","status":"publish","type":"post","link":"https:\/\/www.acapulcopress.com\/index.php\/2021\/11\/02\/ernesto-rivera-la-vision-aldeana-de-abelina\/","title":{"rendered":"Ernesto Rivera | La visi\u00f3n aldeana de Abelina"},"content":{"rendered":"<p style=\"text-align: justify;\"><em>Tercera V\u00eda<\/em><br \/>\n] <strong>Ernesto Rivera Rodr\u00edguez.<\/strong><\/p>\n<p style=\"text-align: justify;\">Si en la pol\u00edtica la forma es fondo, la alcaldesa de Acapulco, Abelina L\u00f3pez Rodr\u00edguez, acostumbrada a exigir No a solicitar, a gritar, a amenazar, ha transitado en su largo quehacer como \u00abgestora\u00bb un liderazgo que hoy pretende imponer y utiliza como escudo para esconder su incompetencia, como su jefe supremo, poner al \u00abpueblo sabio\u00bb a enfrentar la verdad.<\/p>\n<p style=\"text-align: justify;\">A la pregunta, \u00abqu\u00e9 piensan de los periodistas\u00bb? elementos estos puestos en el punto de inflexi\u00f3n entre la sociedad y el estado, y los interlocutores del mismo, los pol\u00edticos, surge como lo anot\u00f3 alguien con mucha presici\u00f3n, \u00abpara qu\u00e9 sirven los pol\u00edticos\u00bb y en el caso de Abelina, encontramos un papel aldeano de la misma..<\/p>\n<p style=\"text-align: justify;\">Su discurso est\u00e1 lleno de una visceral secuencia de frases como el: \u00abme aferr\u00f3\u00bb. Aferrarse con obstinaci\u00f3n, con fuerza obsesiva a una idea, y Acapulco No es una idea, es una realidad, realidad que est\u00e1 fuera de su comprensi\u00f3n, y que le exige dejar el Coliseo en que se encuentra como su zona de confort, y lo vimos en el muy disminuido evento denominado Acatrinas, donde sus huestes la coreaban como a esa lideresa de colonias que lleva tatuada en el rostro.<\/p>\n<p style=\"text-align: justify;\">En qu\u00e9 momento las sociedades se rebelan? Acaso Acapulco est\u00e1 a punto de ello?, lastimado en lo m\u00e1s profundo de su vida por la perdida de miles de seres queridos como sociedad, por el Sarc2-Covid 19. Decenas de cientos de centros de trabajo que bajaron cortinas, cerraron sus puertas y con ello dejaron en la calle a decenas de miles de trabajadores y siguen cerrando, este dos de Noviembre c\u00edrculo por \u00faltima vez el Diario Novedades, cerr\u00f3 el Restaurant El Cabrito y Aerom\u00e9xico despidi\u00f3 a su personal&#8230;y lo que falta, y no vemos por ninguna parte ning\u00fan posicionamiento de las autoridades de ning\u00fan nivel. Dir\u00e1n que \u00abNo les compete\u00bb, c\u00f3mo expres\u00f3 la alcaldesa Abelina ante el asesinato del urbanero en la Av. Costera hace unos d\u00edas, y mantenido un silencio ominoso ante el doloso homicidio del director del portal Dos Costas, Alfredo Cardoso Echeverr\u00eda. Dir\u00e1 que mand\u00f3 una esquela, c\u00f3mo cualquier gente. S\u00ed, despojandose cobardemente de su investidura.<\/p>\n<p style=\"text-align: justify;\">\u00a1Acapulco No merece est\u00e1 autoridad!<\/p>\n","protected":false},"excerpt":{"rendered":"<p>Tercera V\u00eda ] Ernesto Rivera Rodr\u00edguez. Si en la pol\u00edtica la forma es fondo, la alcaldesa de Acapulco, Abelina L\u00f3pez Rodr\u00edguez, acostumbrada a exigir No a solicitar, a gritar, a amenazar, ha transitado en su largo quehacer como \u00abgestora\u00bb un liderazgo que hoy pretende imponer y utiliza como escudo para esconder su incompetencia, como su&#8230;<\/p>\n","protected":false},"author":2,"featured_media":1234070,"comment_status":"closed","ping_status":"closed","sticky":false,"template":"","format":"standard","meta":{"footnotes":""},"categories":[1972,2071],"tags":[],"class_list":["post-1234069","post","type-post","status-publish","format-standard","has-post-thumbnail","hentry","category-special","category-opinion-analisis-columnas"],"_links":{"self":[{"href":"https:\/\/www.acapulcopress.com\/index.php\/wp-json\/wp\/v2\/posts\/1234069","targetHints":{"allow":["GET"]}}],"collection":[{"href":"https:\/\/www.acapulcopress.com\/index.php\/wp-json\/wp\/v2\/posts"}],"about":[{"href":"https:\/\/www.acapulcopress.com\/index.php\/wp-json\/wp\/v2\/types\/post"}],"author":[{"embeddable":true,"href":"https:\/\/www.acapulcopress.com\/index.php\/wp-json\/wp\/v2\/users\/2"}],"replies":[{"embeddable":true,"href":"https:\/\/www.acapulcopress.com\/index.php\/wp-json\/wp\/v2\/comments?post=1234069"}],"version-history":[{"count":0,"href":"https:\/\/www.acapulcopress.com\/index.php\/wp-json\/wp\/v2\/posts\/1234069\/revisions"}],"wp:featuredmedia":[{"embeddable":true,"href":"https:\/\/www.acapulcopress.com\/index.php\/wp-json\/"}],"wp:attachment":[{"href":"https:\/\/www.acapulcopress.com\/index.php\/wp-json\/wp\/v2\/media?parent=1234069"}],"wp:term":[{"taxonomy":"category","embeddable":true,"href":"https:\/\/www.acapulcopress.com\/index.php\/wp-json\/wp\/v2\/categories?post=1234069"},{"taxonomy":"post_tag","embeddable":true,"href":"https:\/\/www.acapulcopress.com\/index.php\/wp-json\/wp\/v2\/tags?post=1234069"}],"curies":[{"name":"wp","href":"https:\/\/api.w.org\/{rel}","templated":true}]}}