{"id":1234077,"date":"2021-11-03T20:19:51","date_gmt":"2021-11-04T02:19:51","guid":{"rendered":"https:\/\/www.acapulco.press\/?p=1234077"},"modified":"2021-11-03T20:19:51","modified_gmt":"2021-11-04T02:19:51","slug":"fge-cumplimenta-orden-de-aprehension-de-un-homicida","status":"publish","type":"post","link":"https:\/\/www.acapulcopress.com\/index.php\/2021\/11\/03\/fge-cumplimenta-orden-de-aprehension-de-un-homicida\/","title":{"rendered":"FGE cumplimenta orden de aprehensi\u00f3n de un homicida"},"content":{"rendered":"<p>] CHILPANCINGO. * 3 de noviembre de 2021.<br \/>\n)<a href=\"https:\/\/fiscaliaguerrero.gob.mx\" target=\"_blank\" rel=\"noopener\"><em> https:\/\/fiscaliaguerrero.gob.mx<\/em><\/a>.<\/p>\n<p style=\"text-align: justify;\">Fiscal\u00eda de Guerrero a trav\u00e9s de la Polic\u00eda Investigadora Ministerial de Zona Centro, dio cumplimiento a la orden de aprehensi\u00f3n en contra de Juan Carlos \u00abN\u00bb como probable responsable del delito de homicidio calificado en agravio de Jos\u00e9 Antonio \u00abN\u00bb, quedando a disposici\u00f3n del juez correspondiente en el Distrito Judicial de Tabares.<\/p>\n","protected":false},"excerpt":{"rendered":"<p>] CHILPANCINGO. * 3 de noviembre de 2021. ) https:\/\/fiscaliaguerrero.gob.mx. Fiscal\u00eda de Guerrero a trav\u00e9s de la Polic\u00eda Investigadora Ministerial de Zona Centro, dio cumplimiento a la orden de aprehensi\u00f3n en contra de Juan Carlos \u00abN\u00bb como probable responsable del delito de homicidio calificado en agravio de Jos\u00e9 Antonio \u00abN\u00bb, quedando a disposici\u00f3n del juez&#8230;<\/p>\n","protected":false},"author":2,"featured_media":1234078,"comment_status":"closed","ping_status":"closed","sticky":false,"template":"","format":"standard","meta":{"footnotes":""},"categories":[1969,2005],"tags":[2565,8703,10946,14737],"class_list":["post-1234077","post","type-post","status-publish","format-standard","has-post-thumbnail","hentry","category-trending","category-seguridad-y-justicia","tag-https-fiscaliaguerrero-gob-mx","tag-fiscalia-general-del-estado-de-guerrero-fge","tag-jorge-zuriel-de-los-santos-barrila","tag-policia-ministerial-de-guerrero"],"_links":{"self":[{"href":"https:\/\/www.acapulcopress.com\/index.php\/wp-json\/wp\/v2\/posts\/1234077","targetHints":{"allow":["GET"]}}],"collection":[{"href":"https:\/\/www.acapulcopress.com\/index.php\/wp-json\/wp\/v2\/posts"}],"about":[{"href":"https:\/\/www.acapulcopress.com\/index.php\/wp-json\/wp\/v2\/types\/post"}],"author":[{"embeddable":true,"href":"https:\/\/www.acapulcopress.com\/index.php\/wp-json\/wp\/v2\/users\/2"}],"replies":[{"embeddable":true,"href":"https:\/\/www.acapulcopress.com\/index.php\/wp-json\/wp\/v2\/comments?post=1234077"}],"version-history":[{"count":0,"href":"https:\/\/www.acapulcopress.com\/index.php\/wp-json\/wp\/v2\/posts\/1234077\/revisions"}],"wp:featuredmedia":[{"embeddable":true,"href":"https:\/\/www.acapulcopress.com\/index.php\/wp-json\/"}],"wp:attachment":[{"href":"https:\/\/www.acapulcopress.com\/index.php\/wp-json\/wp\/v2\/media?parent=1234077"}],"wp:term":[{"taxonomy":"category","embeddable":true,"href":"https:\/\/www.acapulcopress.com\/index.php\/wp-json\/wp\/v2\/categories?post=1234077"},{"taxonomy":"post_tag","embeddable":true,"href":"https:\/\/www.acapulcopress.com\/index.php\/wp-json\/wp\/v2\/tags?post=1234077"}],"curies":[{"name":"wp","href":"https:\/\/api.w.org\/{rel}","templated":true}]}}