{"id":1234091,"date":"2021-11-03T20:56:13","date_gmt":"2021-11-04T02:56:13","guid":{"rendered":"https:\/\/www.acapulco.press\/?p=1234091"},"modified":"2021-11-03T20:56:13","modified_gmt":"2021-11-04T02:56:13","slug":"reportan-saldo-blanco-en-celebracion-de-dia-de-muertos-en-tlapa","status":"publish","type":"post","link":"https:\/\/www.acapulcopress.com\/index.php\/2021\/11\/03\/reportan-saldo-blanco-en-celebracion-de-dia-de-muertos-en-tlapa\/","title":{"rendered":"Reportan saldo blanco en celebraci\u00f3n de D\u00eda de Muertos en Tlapa"},"content":{"rendered":"<p style=\"text-align: justify;\">] TLAPA DE COMONFORT. * 3 de noviembre de 2021.<br \/>\n<em>) Gobierno de Tlapa.<\/em><\/p>\n<p style=\"text-align: justify;\"><img loading=\"lazy\" decoding=\"async\" class=\"alignleft size-medium wp-image-1234094\" src=\"https:\/\/www.acapulco.press\/wp-content\/uploads\/2021\/11\/TLAPA-PC2-375x281.jpeg\" alt=\"\" width=\"375\" height=\"281\" \/>Gracias a los operativos para reforzar las medidas preventivas en panteones, que en coordinaci\u00f3n con el Estado y la Federaci\u00f3n se realizaron para el D\u00eda de Muertos, se report\u00f3 saldo blanco en Tlapa, as\u00ed lo inform\u00f3 Protecci\u00f3n Civil Municipal.<\/p>\n<p style=\"text-align: justify;\">Desde el pasado viernes hasta ayer hubo importante afluencia de personas en los cementerios de Tlapa, donde no se present\u00f3 ning\u00fan riesgo y las \u00e1reas de Salud, Seguridad P\u00fablica Ciudadana y Protecci\u00f3n Civil vigilaron que se contar con todas las medidas sanitarias ante el COVID-19.<\/p>\n<p style=\"text-align: justify;\">Previamente a estas fechas, en los tres panteones de la ciudad; de la colonia Caltitl\u00e1n, el de San Diego y el de Tepeyac, se realiz\u00f3 limpieza en general, sanitizaci\u00f3n y abatizaci\u00f3n para cuidar de la ciudadan\u00eda que asisti\u00f3 a visitar a sus difuntos.<\/p>\n<p style=\"text-align: justify;\">Durante estos d\u00edas se vigil\u00f3 y se invit\u00f3 a tomar medidas de precauci\u00f3n para evitar alg\u00fan incidente o incendio, ya que en la mayor\u00eda de las ocasiones las velas y veladoras se quedaban prendidas sobre las tumbas.<\/p>\n<p style=\"text-align: justify;\">Tambi\u00e9n, en la entrada de cada cementerio se exhort\u00f3 a la ciudadan\u00eda a cumplir con todas las medidas sanitarias por el COVID-19, como lo es el uso correcto del cubrebocas, as\u00ed como evitar aglomeraciones en un solo punto.<\/p>\n<p style=\"text-align: justify;\"><img loading=\"lazy\" decoding=\"async\" class=\"alignnone wp-image-1234095 size-large\" src=\"https:\/\/www.acapulco.press\/wp-content\/uploads\/2021\/11\/TLAPA-PC3-840x423.jpeg\" alt=\"\" width=\"840\" height=\"423\" \/><\/p>\n","protected":false},"excerpt":{"rendered":"<p>] TLAPA DE COMONFORT. * 3 de noviembre de 2021. ) Gobierno de Tlapa. Gracias a los operativos para reforzar las medidas preventivas en panteones, que en coordinaci\u00f3n con el Estado y la Federaci\u00f3n se realizaron para el D\u00eda de Muertos, se report\u00f3 saldo blanco en Tlapa, as\u00ed lo inform\u00f3 Protecci\u00f3n Civil Municipal. Desde el&#8230;<\/p>\n","protected":false},"author":2,"featured_media":1234096,"comment_status":"closed","ping_status":"closed","sticky":false,"template":"","format":"standard","meta":{"footnotes":""},"categories":[18589,18561],"tags":[],"class_list":["post-1234091","post","type-post","status-publish","format-standard","has-post-thumbnail","hentry","category-gobierno-de-tlapa","category-society-politics"],"_links":{"self":[{"href":"https:\/\/www.acapulcopress.com\/index.php\/wp-json\/wp\/v2\/posts\/1234091","targetHints":{"allow":["GET"]}}],"collection":[{"href":"https:\/\/www.acapulcopress.com\/index.php\/wp-json\/wp\/v2\/posts"}],"about":[{"href":"https:\/\/www.acapulcopress.com\/index.php\/wp-json\/wp\/v2\/types\/post"}],"author":[{"embeddable":true,"href":"https:\/\/www.acapulcopress.com\/index.php\/wp-json\/wp\/v2\/users\/2"}],"replies":[{"embeddable":true,"href":"https:\/\/www.acapulcopress.com\/index.php\/wp-json\/wp\/v2\/comments?post=1234091"}],"version-history":[{"count":0,"href":"https:\/\/www.acapulcopress.com\/index.php\/wp-json\/wp\/v2\/posts\/1234091\/revisions"}],"wp:featuredmedia":[{"embeddable":true,"href":"https:\/\/www.acapulcopress.com\/index.php\/wp-json\/"}],"wp:attachment":[{"href":"https:\/\/www.acapulcopress.com\/index.php\/wp-json\/wp\/v2\/media?parent=1234091"}],"wp:term":[{"taxonomy":"category","embeddable":true,"href":"https:\/\/www.acapulcopress.com\/index.php\/wp-json\/wp\/v2\/categories?post=1234091"},{"taxonomy":"post_tag","embeddable":true,"href":"https:\/\/www.acapulcopress.com\/index.php\/wp-json\/wp\/v2\/tags?post=1234091"}],"curies":[{"name":"wp","href":"https:\/\/api.w.org\/{rel}","templated":true}]}}