{"id":1234102,"date":"2021-11-03T21:10:43","date_gmt":"2021-11-04T03:10:43","guid":{"rendered":"https:\/\/www.acapulco.press\/?p=1234102"},"modified":"2021-11-03T21:10:43","modified_gmt":"2021-11-04T03:10:43","slug":"visita-secretario-de-educacion-escuelas-en-zonas-marginadas","status":"publish","type":"post","link":"https:\/\/www.acapulcopress.com\/index.php\/2021\/11\/03\/visita-secretario-de-educacion-escuelas-en-zonas-marginadas\/","title":{"rendered":"Visita secretario de Educaci\u00f3n escuelas en zonas marginadas"},"content":{"rendered":"<p>] SANTA RITA. * 3 de noviembre de 2021.<br \/>\n<em>) Especial.<\/em><\/p>\n<p style=\"text-align: justify;\">El secretario de Educaci\u00f3n en Guerrero, Marcial Rodr\u00edguez Salda\u00f1a, visit\u00f3 la comunidad rural de Santa Rita, enclavada en la Sierra Madre del Sur, donde se reuni\u00f3 con padres, padres de familia y alumnos de esa comunidad para expresarles un saludo de la gobernadora Evelyn Salgado Pineda y comprometerse a mejorar sus instalaciones f\u00edsicas para que tengan mejores condiciones para las ni\u00f1as, ni\u00f1os y adolescentes en materia educativa.<\/p>\n<div style=\"width: 640px;\" class=\"wp-video\"><video class=\"wp-video-shortcode\" id=\"video-1234102-1\" width=\"640\" height=\"352\" preload=\"metadata\" controls=\"controls\"><source type=\"video\/mp4\" src=\"https:\/\/www.acapulco.press\/wp-content\/uploads\/2021\/11\/MARCIAL-ESCUELAS-SANTA-RITA.mp4?_=1\" \/><a href=\"https:\/\/www.acapulco.press\/wp-content\/uploads\/2021\/11\/MARCIAL-ESCUELAS-SANTA-RITA.mp4\">https:\/\/www.acapulco.press\/wp-content\/uploads\/2021\/11\/MARCIAL-ESCUELAS-SANTA-RITA.mp4<\/a><\/video><\/div>\n","protected":false},"excerpt":{"rendered":"<p>] SANTA RITA. * 3 de noviembre de 2021. ) Especial. El secretario de Educaci\u00f3n en Guerrero, Marcial Rodr\u00edguez Salda\u00f1a, visit\u00f3 la comunidad rural de Santa Rita, enclavada en la Sierra Madre del Sur, donde se reuni\u00f3 con padres, padres de familia y alumnos de esa comunidad para expresarles un saludo de la gobernadora Evelyn&#8230;<\/p>\n","protected":false},"author":2,"featured_media":1234092,"comment_status":"closed","ping_status":"closed","sticky":false,"template":"","format":"standard","meta":{"footnotes":""},"categories":[1969,2081],"tags":[12457,16169,16362],"class_list":["post-1234102","post","type-post","status-publish","format-standard","has-post-thumbnail","hentry","category-trending","category-seg","tag-marcial-rodriguez-saldana","tag-secretaria-de-educacion-guerrero-seg","tag-seg"],"_links":{"self":[{"href":"https:\/\/www.acapulcopress.com\/index.php\/wp-json\/wp\/v2\/posts\/1234102","targetHints":{"allow":["GET"]}}],"collection":[{"href":"https:\/\/www.acapulcopress.com\/index.php\/wp-json\/wp\/v2\/posts"}],"about":[{"href":"https:\/\/www.acapulcopress.com\/index.php\/wp-json\/wp\/v2\/types\/post"}],"author":[{"embeddable":true,"href":"https:\/\/www.acapulcopress.com\/index.php\/wp-json\/wp\/v2\/users\/2"}],"replies":[{"embeddable":true,"href":"https:\/\/www.acapulcopress.com\/index.php\/wp-json\/wp\/v2\/comments?post=1234102"}],"version-history":[{"count":0,"href":"https:\/\/www.acapulcopress.com\/index.php\/wp-json\/wp\/v2\/posts\/1234102\/revisions"}],"wp:featuredmedia":[{"embeddable":true,"href":"https:\/\/www.acapulcopress.com\/index.php\/wp-json\/"}],"wp:attachment":[{"href":"https:\/\/www.acapulcopress.com\/index.php\/wp-json\/wp\/v2\/media?parent=1234102"}],"wp:term":[{"taxonomy":"category","embeddable":true,"href":"https:\/\/www.acapulcopress.com\/index.php\/wp-json\/wp\/v2\/categories?post=1234102"},{"taxonomy":"post_tag","embeddable":true,"href":"https:\/\/www.acapulcopress.com\/index.php\/wp-json\/wp\/v2\/tags?post=1234102"}],"curies":[{"name":"wp","href":"https:\/\/api.w.org\/{rel}","templated":true}]}}