{"id":1234108,"date":"2021-11-03T21:45:24","date_gmt":"2021-11-04T03:45:24","guid":{"rendered":"https:\/\/www.acapulco.press\/?p=1234108"},"modified":"2021-11-03T21:45:24","modified_gmt":"2021-11-04T03:45:24","slug":"denuncian-a-abelina-en-derechos-humanos","status":"publish","type":"post","link":"https:\/\/www.acapulcopress.com\/index.php\/2021\/11\/03\/denuncian-a-abelina-en-derechos-humanos\/","title":{"rendered":"Denuncian a Abelina en CEDH y CNDH"},"content":{"rendered":"<p style=\"text-align: justify;\">\u00bb \ud835\udde0\ud835\uddee\ud835\uddff\ud835\uddf6\ud835\uddfc \ud835\uddda\ud835\uddee\ud835\uddff\ud835\uddf0\ud835\uddf6\u0301\ud835\uddee \ud835\udde5\ud835\uddfc\ud835\uddf1\ud835\uddff\ud835\uddf6\u0301\ud835\uddf4\ud835\ude02\ud835\uddf2\ud835\ude07.<br \/>\n] CHILPANCINGO. * 3 de noviembre de 2021.<br \/>\n<em>) <a href=\"https:\/\/www.facebook.com\/ANASANoticias\" target=\"_blank\" rel=\"noopener\">ANASA<\/a>.<\/em><\/p>\n<p style=\"text-align: justify;\">Comunicadores, reporteros y due\u00f1os de medios digitales denunciaron a la presidenta municipal, Abelina L\u00f3pez Rodr\u00edguez porque con sus expresiones del viernes pasado de incitar a linchar a la prensa, criminaliza al gremio period\u00edstico, viola derechos constitucionales y pone en riesgo su integridad.<\/p>\n<p style=\"text-align: justify;\">Los comunicadores entregaron un oficio en la delegaci\u00f3n de la Comisi\u00f3n Nacional de los Derechos Humanos (CNDH) para formalizar su queja ante ese organismo y posteriormente hicieron lo propio en la oficina de la Comisi\u00f3n de los Derechos Humanos del Estado de Guerrero (CDHEG).<\/p>\n<p style=\"text-align: justify;\">En los documentos pidieron que ambos organismos eval\u00faen la posibilidad de dar vista a la Fiscal\u00eda General del Estado (FGE) y a la Fiscal\u00eda General de la Rep\u00fablica (FGR) para formalizar una demanda penal contra L\u00f3pez Rodr\u00edguez.<\/p>\n<p style=\"text-align: justify;\">El articulista y director del portal S\u00ed<em>ntesis de Guerrero,<\/em> Miguel \u00c1ngel Mata Mata dijo que \u201cla se\u00f1ora dice que nosotros sabemos d\u00f3nde viven (los criminales) y qui\u00e9nes son los que crean la violencia, ella dice que nosotros somos responsables de la violencia que pasa en Acapulco y eso nos coloca en una situaci\u00f3n vulnerable.<br \/>\nLo que estamos haciendo como agrupaciones es dejar un precedente y pedimos en la queja que estamos haciendo que se analice la posibilidad de interponer una demanda penal contra la presidenta municipal\u201d.<\/p>\n<p style=\"text-align: justify;\">En relaci\u00f3n a la respuesta que la presidenta hizo cuando se le pregunt\u00f3 al concluir el desfile de Catrinas el lunes en el sentido de que el pueblo la ama, se\u00f1al\u00f3 que ha sido la misma mec\u00e1nica que alent\u00f3 la agresi\u00f3n contra la reportera del diario El Sur, Karina Contreras Mendoza tres d\u00edas antes.<\/p>\n<p style=\"text-align: justify;\">\u201cSus acarreados no son el pueblo\u201d, argument\u00f3 e indic\u00f3 que la carta publicada en sus redes sociales \u201csoslaya\u201d la gravedad de lo ocurrido contra las y los comunicadores de Acapulco y debe ofrecer una disculpa p\u00fablicamente. Se\u00f1al\u00f3 que desde la llegada de la administraci\u00f3n federal actual han surgido nuevos portales de noticias, los cuales se han sumado al discurso oficial de que alienta al discurso de odio, agrediendo y criminalizando a los periodistas cr\u00edticos de las administraciones morenistas.<\/p>\n<p>Critic\u00f3 que en Guerrero se adopte la misma mec\u00e1nica de ataque y se criminalice a los reporteros y medios m\u00e1s cr\u00edticos de las administraciones afines al presidente Andr\u00e9s Manuel L\u00f3pez Obrador.<\/p>\n","protected":false},"excerpt":{"rendered":"<p>\u00bb \ud835\udde0\ud835\uddee\ud835\uddff\ud835\uddf6\ud835\uddfc \ud835\uddda\ud835\uddee\ud835\uddff\ud835\uddf0\ud835\uddf6\u0301\ud835\uddee \ud835\udde5\ud835\uddfc\ud835\uddf1\ud835\uddff\ud835\uddf6\u0301\ud835\uddf4\ud835\ude02\ud835\uddf2\ud835\ude07. ] CHILPANCINGO. * 3 de noviembre de 2021. ) ANASA. Comunicadores, reporteros y due\u00f1os de medios digitales denunciaron a la presidenta municipal, Abelina L\u00f3pez Rodr\u00edguez porque con sus expresiones del viernes pasado de incitar a linchar a la prensa, criminaliza al gremio period\u00edstico, viola derechos constitucionales y pone en riesgo su&#8230;<\/p>\n","protected":false},"author":2,"featured_media":1234109,"comment_status":"closed","ping_status":"closed","sticky":false,"template":"","format":"standard","meta":{"footnotes":""},"categories":[1997],"tags":[3077,6117,6181,13101],"class_list":["post-1234108","post","type-post","status-publish","format-standard","has-post-thumbnail","hentry","category-noticias-destacadas","tag-abelina-lopez-rodriguez","tag-comision-de-los-derechos-humanos-del-estado-de-guerrero-cdheg","tag-comision-nacional-de-los-derechos-humanos-cndh","tag-miguel-angel-mata-mata"],"_links":{"self":[{"href":"https:\/\/www.acapulcopress.com\/index.php\/wp-json\/wp\/v2\/posts\/1234108","targetHints":{"allow":["GET"]}}],"collection":[{"href":"https:\/\/www.acapulcopress.com\/index.php\/wp-json\/wp\/v2\/posts"}],"about":[{"href":"https:\/\/www.acapulcopress.com\/index.php\/wp-json\/wp\/v2\/types\/post"}],"author":[{"embeddable":true,"href":"https:\/\/www.acapulcopress.com\/index.php\/wp-json\/wp\/v2\/users\/2"}],"replies":[{"embeddable":true,"href":"https:\/\/www.acapulcopress.com\/index.php\/wp-json\/wp\/v2\/comments?post=1234108"}],"version-history":[{"count":0,"href":"https:\/\/www.acapulcopress.com\/index.php\/wp-json\/wp\/v2\/posts\/1234108\/revisions"}],"wp:featuredmedia":[{"embeddable":true,"href":"https:\/\/www.acapulcopress.com\/index.php\/wp-json\/"}],"wp:attachment":[{"href":"https:\/\/www.acapulcopress.com\/index.php\/wp-json\/wp\/v2\/media?parent=1234108"}],"wp:term":[{"taxonomy":"category","embeddable":true,"href":"https:\/\/www.acapulcopress.com\/index.php\/wp-json\/wp\/v2\/categories?post=1234108"},{"taxonomy":"post_tag","embeddable":true,"href":"https:\/\/www.acapulcopress.com\/index.php\/wp-json\/wp\/v2\/tags?post=1234108"}],"curies":[{"name":"wp","href":"https:\/\/api.w.org\/{rel}","templated":true}]}}