{"id":1234162,"date":"2021-11-04T23:50:05","date_gmt":"2021-11-05T05:50:05","guid":{"rendered":"https:\/\/www.acapulco.press\/?p=1234162"},"modified":"2021-11-04T23:50:05","modified_gmt":"2021-11-05T05:50:05","slug":"solano-da-banderazo-a-pavimentacion-de-carretera-tlapa-marquelia","status":"publish","type":"post","link":"https:\/\/www.acapulcopress.com\/index.php\/2021\/11\/04\/solano-da-banderazo-a-pavimentacion-de-carretera-tlapa-marquelia\/","title":{"rendered":"Solano da banderazo a pavimentaci\u00f3n de carretera Tlapa-Marquelia"},"content":{"rendered":"<p style=\"text-align: justify;\"><img loading=\"lazy\" decoding=\"async\" class=\"alignnone wp-image-1234167 size-large\" src=\"https:\/\/www.acapulco.press\/wp-content\/uploads\/2021\/11\/RIO-TLAPA5-840x473.jpeg\" alt=\"\" width=\"840\" height=\"473\" \/><\/p>\n<p style=\"text-align: justify;\">] TLAPA DE COMONFORT. * 4 de noviembre de 2021.<br \/>\n<em>) Gobierno de Tlapa.<\/em><br \/>\nLuego de siete a\u00f1os que hab\u00eda permanecido en el olvido la carretera Tlapa &#8211; Marquelia, desde el punto conocido como \u201cLa <img loading=\"lazy\" decoding=\"async\" class=\"alignleft size-medium wp-image-1234174\" src=\"https:\/\/www.acapulco.press\/wp-content\/uploads\/2021\/11\/RIO-TLAPA12-375x211.jpeg\" alt=\"\" width=\"375\" height=\"211\" \/>Caseta\u201d, esquina con avenida Aeropuerto, hoy el presidente Municipal de Tlapa, Gilberto Solano Arreaga arranc\u00f3 los trabajos de 8.5 kil\u00f3metros de pavimentaci\u00f3n asf\u00e1ltica en esta zona.<\/p>\n<p style=\"text-align: justify;\">Esta obra es gesti\u00f3n del primer presidente ind\u00edgena, y se llevar\u00e1 a cabo por parte de la Secretar\u00eda de Infraestructura, Comunicaciones y Transportes (SICT), del Gobierno de M\u00e9xico.<\/p>\n<p style=\"text-align: justify;\">Los trabajos consistir\u00e1n en la recuperaci\u00f3n de la carpeta asf\u00e1ltica y la compactaci\u00f3n de base al 95 por ciento proctor, colocaci\u00f3n de carpeta de concreto asf\u00e1ltico en toda la longitud del tramo, as\u00ed <img loading=\"lazy\" decoding=\"async\" class=\"alignleft size-medium wp-image-1234168\" src=\"https:\/\/www.acapulco.press\/wp-content\/uploads\/2021\/11\/RIO-TLAPA6-375x211.jpeg\" alt=\"\" width=\"375\" height=\"211\" \/>como\u00a0limpieza de cunetas y pinta de l\u00edneas demarcando los carriles.<\/p>\n<p style=\"text-align: justify;\">\u201cCon hechos vamos a ganar la confianza de quienes no confiaron en nosotros\u201d, as\u00ed lo dijo el presidente municipal al iniciar su mensaje para los invitados a este magno arranque.<\/p>\n<p style=\"text-align: justify;\">Solano Arreaga dijo que, el mejor ejemplo es est\u00e9, que quien quiera servir tiene que saber gestionar, saber tocar puertas para pedir para quienes menos tienen y sobre todo, para mejorar sus condiciones de vida.<\/p>\n<p style=\"text-align: justify;\">El primer presidente ind\u00edgena asegur\u00f3 que para ir a gestionar ya no se puede ir con carpetas y requerimientos; ahora se necesita llevar proyectos firmes y con bases.<\/p>\n<p style=\"text-align: justify;\">Gilberto Solano agradeci\u00f3 al Presidente de la Rep\u00fablica, Andr\u00e9s Manuel l\u00f3pez Obrador, por esta obra y por la atenci\u00f3n que ha dado a esta zona de la Monta\u00f1a de Guerrero.<\/p>\n<p style=\"text-align: justify;\">\u00abGracias Presidente, le agradezco porque estos trabajos servir\u00e1n de mucho a los comercios y a los transportistas de Tlapa\u00bb, expres\u00f3.<\/p>\n<p style=\"text-align: justify;\">Finalmente, el presidente municipal anunci\u00f3 el arranque del rastreo de todas las calles de las colonias y comunidades de Tlapa que lo requieran.<\/p>\n\n","protected":false},"excerpt":{"rendered":"<p>] TLAPA DE COMONFORT. * 4 de noviembre de 2021. ) Gobierno de Tlapa. Luego de siete a\u00f1os que hab\u00eda permanecido en el olvido la carretera Tlapa &#8211; Marquelia, desde el punto conocido como \u201cLa Caseta\u201d, esquina con avenida Aeropuerto, hoy el presidente Municipal de Tlapa, Gilberto Solano Arreaga arranc\u00f3 los trabajos de 8.5 kil\u00f3metros&#8230;<\/p>\n","protected":false},"author":2,"featured_media":1234164,"comment_status":"closed","ping_status":"closed","sticky":false,"template":"","format":"standard","meta":{"footnotes":""},"categories":[1972,18589,18561],"tags":[9199,9321],"class_list":["post-1234162","post","type-post","status-publish","format-standard","has-post-thumbnail","hentry","category-special","category-gobierno-de-tlapa","category-society-politics","tag-gilberto-solano-arreaga","tag-gobierno-de-tlapa"],"_links":{"self":[{"href":"https:\/\/www.acapulcopress.com\/index.php\/wp-json\/wp\/v2\/posts\/1234162","targetHints":{"allow":["GET"]}}],"collection":[{"href":"https:\/\/www.acapulcopress.com\/index.php\/wp-json\/wp\/v2\/posts"}],"about":[{"href":"https:\/\/www.acapulcopress.com\/index.php\/wp-json\/wp\/v2\/types\/post"}],"author":[{"embeddable":true,"href":"https:\/\/www.acapulcopress.com\/index.php\/wp-json\/wp\/v2\/users\/2"}],"replies":[{"embeddable":true,"href":"https:\/\/www.acapulcopress.com\/index.php\/wp-json\/wp\/v2\/comments?post=1234162"}],"version-history":[{"count":0,"href":"https:\/\/www.acapulcopress.com\/index.php\/wp-json\/wp\/v2\/posts\/1234162\/revisions"}],"wp:featuredmedia":[{"embeddable":true,"href":"https:\/\/www.acapulcopress.com\/index.php\/wp-json\/"}],"wp:attachment":[{"href":"https:\/\/www.acapulcopress.com\/index.php\/wp-json\/wp\/v2\/media?parent=1234162"}],"wp:term":[{"taxonomy":"category","embeddable":true,"href":"https:\/\/www.acapulcopress.com\/index.php\/wp-json\/wp\/v2\/categories?post=1234162"},{"taxonomy":"post_tag","embeddable":true,"href":"https:\/\/www.acapulcopress.com\/index.php\/wp-json\/wp\/v2\/tags?post=1234162"}],"curies":[{"name":"wp","href":"https:\/\/api.w.org\/{rel}","templated":true}]}}