{"id":1234183,"date":"2021-11-06T11:21:54","date_gmt":"2021-11-06T17:21:54","guid":{"rendered":"https:\/\/www.acapulco.press\/?p=1234183"},"modified":"2021-11-06T11:21:54","modified_gmt":"2021-11-06T17:21:54","slug":"angel-irra-los-excesos","status":"publish","type":"post","link":"https:\/\/www.acapulcopress.com\/index.php\/2021\/11\/06\/angel-irra-los-excesos\/","title":{"rendered":"\u00c1ngel Irra | Los excesos"},"content":{"rendered":"<p><em>Un Rapid\u00edn<\/em><br \/>\n\u00bb <strong>\u00c1ngel Irra Carceda<\/strong><br \/>\n) <em>angelirracar@hotmail.com<\/em><br \/>\nFacebook | <a href=\"http:\/\/facebook.com\/angel.irracarceda.7\" target=\"_blank\" rel=\"noopener\">angel.irracarceda.7<\/a><\/p>\n<p>Creo que la gobernadora Evelyn Salgado Pineda ha resultado mejor pol\u00edtica que su padre, F\u00e9lix Salgado Macedonio.<\/p>\n<p>Bueno, el senador dijo desde hace tiempo, cuando la convirtieron en candidata a la gubernatura, que su hija era mejor que \u00e9l.<\/p>\n<p>Pero mientras que el pol\u00e9mico senador F\u00e9lix no ha cuidado las formas, en muchos asuntos que competen al gobierno estatal, la gobernadora mantiene una actitud mesurada.<\/p>\n<p>Es cosa p\u00fablica que directamente designa a funcionarios y les gira \u00f3rdenes, brincando las funciones de la gobernadora.<\/p>\n<p>Y esos excesos ya le han generado balconeos en medios de comunicaci\u00f3n y redes sociales al ex alcalde de Acapulco, los cuales afectan la imagen de la gobernadora.<\/p>\n<p>Es sabido que F\u00e9lix Salgado tiene m\u00faltiples faltas a sesiones en el Senado de la Rep\u00fablica, en la Ciudad de M\u00e9xico, porque prefiere estar en Guerrero, en Chilpancingo, principalmente, para atender y resolver asuntos que, por ley, le competen a Evelyn Salgado.<\/p>\n<p>El estado de Guerrero, por ganar la reciente elecci\u00f3n, no es de ellos. Tampoco de Morena.<\/p>\n<p>En alguien deber\u00eda caber la madurez para entenderlo.<\/p>\n<p>Si el proyecto es prolongar esto a doce a\u00f1os, cuando menos, deber\u00edan pensarlo muy bien.<\/p>\n<p>El poder desgasta. Y m\u00e1s si no sabe administrar, prudentemente.<\/p>\n","protected":false},"excerpt":{"rendered":"<p>Un Rapid\u00edn \u00bb \u00c1ngel Irra Carceda ) angelirracar@hotmail.com Facebook | angel.irracarceda.7 Creo que la gobernadora Evelyn Salgado Pineda ha resultado mejor pol\u00edtica que su padre, F\u00e9lix Salgado Macedonio. Bueno, el senador dijo desde hace tiempo, cuando la convirtieron en candidata a la gubernatura, que su hija era mejor que \u00e9l. Pero mientras que el pol\u00e9mico&#8230;<\/p>\n","protected":false},"author":2,"featured_media":1234184,"comment_status":"closed","ping_status":"closed","sticky":false,"template":"","format":"standard","meta":{"footnotes":""},"categories":[1972,2071,1991],"tags":[3938,8251,17511],"class_list":["post-1234183","post","type-post","status-publish","format-standard","has-post-thumbnail","hentry","category-special","category-opinion-analisis-columnas","category-libertad-de-expresion","tag-angel-irra-carceda","tag-evelyn-salgado-pineda","tag-un-rapidin"],"_links":{"self":[{"href":"https:\/\/www.acapulcopress.com\/index.php\/wp-json\/wp\/v2\/posts\/1234183","targetHints":{"allow":["GET"]}}],"collection":[{"href":"https:\/\/www.acapulcopress.com\/index.php\/wp-json\/wp\/v2\/posts"}],"about":[{"href":"https:\/\/www.acapulcopress.com\/index.php\/wp-json\/wp\/v2\/types\/post"}],"author":[{"embeddable":true,"href":"https:\/\/www.acapulcopress.com\/index.php\/wp-json\/wp\/v2\/users\/2"}],"replies":[{"embeddable":true,"href":"https:\/\/www.acapulcopress.com\/index.php\/wp-json\/wp\/v2\/comments?post=1234183"}],"version-history":[{"count":0,"href":"https:\/\/www.acapulcopress.com\/index.php\/wp-json\/wp\/v2\/posts\/1234183\/revisions"}],"wp:featuredmedia":[{"embeddable":true,"href":"https:\/\/www.acapulcopress.com\/index.php\/wp-json\/"}],"wp:attachment":[{"href":"https:\/\/www.acapulcopress.com\/index.php\/wp-json\/wp\/v2\/media?parent=1234183"}],"wp:term":[{"taxonomy":"category","embeddable":true,"href":"https:\/\/www.acapulcopress.com\/index.php\/wp-json\/wp\/v2\/categories?post=1234183"},{"taxonomy":"post_tag","embeddable":true,"href":"https:\/\/www.acapulcopress.com\/index.php\/wp-json\/wp\/v2\/tags?post=1234183"}],"curies":[{"name":"wp","href":"https:\/\/api.w.org\/{rel}","templated":true}]}}