{"id":1234211,"date":"2021-11-06T13:48:57","date_gmt":"2021-11-06T19:48:57","guid":{"rendered":"https:\/\/www.acapulco.press\/?p=1234211"},"modified":"2021-11-06T13:48:57","modified_gmt":"2021-11-06T19:48:57","slug":"titular-de-seg-resuelve-peticion-de-trabajadores-de-la-uesicamm","status":"publish","type":"post","link":"https:\/\/www.acapulcopress.com\/index.php\/2021\/11\/06\/titular-de-seg-resuelve-peticion-de-trabajadores-de-la-uesicamm\/","title":{"rendered":"Titular de SEG resuelve petici\u00f3n de trabajadores de la Uesicamm"},"content":{"rendered":"<p style=\"text-align: justify;\">] CHILPANCINGO. * 6 de noviembre de 2021.<br \/>\n<em>) SEG. <\/em><br \/>\nEl secretario de Educaci\u00f3n en Guerrero, Marcial Rodr\u00edguez Salda\u00f1a, atendi\u00f3 y resolvi\u00f3 de manera positiva la petici\u00f3n de trabajadores de la la Unidad Estatal del Sistema par la Carrera de las Maestras y los Maestros (Uesicamm), para seguir dependiendo del Titular de la dependencia.<\/p>\n<p style=\"text-align: justify;\">Rodr\u00edguez Salda\u00f1a destac\u00f3 la pol\u00edtica de di\u00e1logo y respeto que ha instruido la gobernadora Evelyn Salgado Pineda.<\/p>\n<p style=\"text-align: justify;\">En respuesta, los trabajadores se comprometieron a ser aliados estrat\u00e9gicos para combatir la corrupci\u00f3n y emprender acciones en beneficio de la Uesicam.<\/p>\n<p>El cordial y productivo encuentro con directores de zona y 24 secundarias t\u00e9cnicas, se da en el marco del cumplimiento a la instrucci\u00f3n de la gobernadora, Evelyn Salgado Pineda, de dialogar, atender y resolver las peticiones de las trabajadoras y trabajadores de la educaci\u00f3n de manera satisfactoria conforme a la normativa.<\/p>\n<p style=\"text-align: justify;\">Entre los puntos que se dieron soluci\u00f3n fue referente a la revocaci\u00f3n del proyecto de divisi\u00f3n de zona de la misma, con la finalidad de mejorar la operatividad en las actividades acad\u00e9micas y administrativas del personal directivo, docente, administrativo y de apoyo.<\/p>\n<p style=\"text-align: justify;\">En la mesa de trabajo estuvieron presentes la directora general de Servicios Educativos, Mayte Pizza Rodr\u00edguez y el subsecretario de Planeaci\u00f3n Educativa, Benjam\u00edn Adame Pereyra.<\/p>\n<p style=\"text-align: justify;\">Rodr\u00edguez Salda\u00f1a, reiter\u00f3 su apoyo al magisterio para beneficio de la educaci\u00f3n de los ni\u00f1os, ni\u00f1as y j\u00f3venes de Guerrero, como sea ha manifestado en esta administraci\u00f3n de la 4T.<\/p>\n","protected":false},"excerpt":{"rendered":"<p>] CHILPANCINGO. * 6 de noviembre de 2021. ) SEG. El secretario de Educaci\u00f3n en Guerrero, Marcial Rodr\u00edguez Salda\u00f1a, atendi\u00f3 y resolvi\u00f3 de manera positiva la petici\u00f3n de trabajadores de la la Unidad Estatal del Sistema par la Carrera de las Maestras y los Maestros (Uesicamm), para seguir dependiendo del Titular de la dependencia. Rodr\u00edguez&#8230;<\/p>\n","protected":false},"author":2,"featured_media":1234213,"comment_status":"closed","ping_status":"closed","sticky":false,"template":"","format":"standard","meta":{"footnotes":""},"categories":[1969,2081],"tags":[12457,16169,16362,17549],"class_list":["post-1234211","post","type-post","status-publish","format-standard","has-post-thumbnail","hentry","category-trending","category-seg","tag-marcial-rodriguez-saldana","tag-secretaria-de-educacion-guerrero-seg","tag-seg","tag-unidad-del-sistema-par-la-carrera-de-las-maestras-y-los-maestros-usicamm"],"_links":{"self":[{"href":"https:\/\/www.acapulcopress.com\/index.php\/wp-json\/wp\/v2\/posts\/1234211","targetHints":{"allow":["GET"]}}],"collection":[{"href":"https:\/\/www.acapulcopress.com\/index.php\/wp-json\/wp\/v2\/posts"}],"about":[{"href":"https:\/\/www.acapulcopress.com\/index.php\/wp-json\/wp\/v2\/types\/post"}],"author":[{"embeddable":true,"href":"https:\/\/www.acapulcopress.com\/index.php\/wp-json\/wp\/v2\/users\/2"}],"replies":[{"embeddable":true,"href":"https:\/\/www.acapulcopress.com\/index.php\/wp-json\/wp\/v2\/comments?post=1234211"}],"version-history":[{"count":0,"href":"https:\/\/www.acapulcopress.com\/index.php\/wp-json\/wp\/v2\/posts\/1234211\/revisions"}],"wp:featuredmedia":[{"embeddable":true,"href":"https:\/\/www.acapulcopress.com\/index.php\/wp-json\/"}],"wp:attachment":[{"href":"https:\/\/www.acapulcopress.com\/index.php\/wp-json\/wp\/v2\/media?parent=1234211"}],"wp:term":[{"taxonomy":"category","embeddable":true,"href":"https:\/\/www.acapulcopress.com\/index.php\/wp-json\/wp\/v2\/categories?post=1234211"},{"taxonomy":"post_tag","embeddable":true,"href":"https:\/\/www.acapulcopress.com\/index.php\/wp-json\/wp\/v2\/tags?post=1234211"}],"curies":[{"name":"wp","href":"https:\/\/api.w.org\/{rel}","templated":true}]}}