{"id":1234220,"date":"2021-11-06T14:17:35","date_gmt":"2021-11-06T20:17:35","guid":{"rendered":"https:\/\/www.acapulco.press\/?p=1234220"},"modified":"2021-11-06T14:17:35","modified_gmt":"2021-11-06T20:17:35","slug":"marcial-rodriguez-toma-protesta-a-nueva-directora-del-ieejag","status":"publish","type":"post","link":"https:\/\/www.acapulcopress.com\/index.php\/2021\/11\/06\/marcial-rodriguez-toma-protesta-a-nueva-directora-del-ieejag\/","title":{"rendered":"Marcial Rodr\u00edguez toma protesta a nueva directora del IEEJAG"},"content":{"rendered":"<p>] CHILPANCINGO. * 5 de noviembre de 2021.<br \/>\n) SEG.<\/p>\n<p style=\"text-align: justify;\">El Dr. Marcial Rodr\u00edguez Salda\u00f1a, secretario de Educaci\u00f3n en Guerrero, dio posesi\u00f3n a la Doctora Hayde Mares Galindo como nueva directora del Instituto Estatal para la Educaci\u00f3n de J\u00f3venes y Adultos de Guerrero ( IEEJAG).<\/p>\n<p>En dicho evento, expres\u00f3 un mensaje de la gobernadora, Evelyn Salgado Pineda de agradecimiento a las trabajadoras y trabajadores de ese Instituto.<\/p>\n<p>Rodr\u00edguez Salda\u00f1a se\u00f1al\u00f3 que en nuestra entidad en cuanto al rezago educativo es de 310, 327 que representa un 12.5 por ciento; sin primaria terminada 280,283 que significa un 11.3 por ciento; sin secundaria terminada 470,395 que es un 18.9 por ciento; de un total de 1,061,005 representando un 42.6 por ciento. Por lo que convoc\u00f3 a garantizar el acceso a la educaci\u00f3n y erradicar el analfabetismo.<\/p>\n","protected":false},"excerpt":{"rendered":"<p>] CHILPANCINGO. * 5 de noviembre de 2021. ) SEG. El Dr. Marcial Rodr\u00edguez Salda\u00f1a, secretario de Educaci\u00f3n en Guerrero, dio posesi\u00f3n a la Doctora Hayde Mares Galindo como nueva directora del Instituto Estatal para la Educaci\u00f3n de J\u00f3venes y Adultos de Guerrero ( IEEJAG). En dicho evento, expres\u00f3 un mensaje de la gobernadora, Evelyn&#8230;<\/p>\n","protected":false},"author":2,"featured_media":1234212,"comment_status":"closed","ping_status":"closed","sticky":false,"template":"","format":"standard","meta":{"footnotes":""},"categories":[1969,2081],"tags":[12457,16169,16362],"class_list":["post-1234220","post","type-post","status-publish","format-standard","has-post-thumbnail","hentry","category-trending","category-seg","tag-marcial-rodriguez-saldana","tag-secretaria-de-educacion-guerrero-seg","tag-seg"],"_links":{"self":[{"href":"https:\/\/www.acapulcopress.com\/index.php\/wp-json\/wp\/v2\/posts\/1234220","targetHints":{"allow":["GET"]}}],"collection":[{"href":"https:\/\/www.acapulcopress.com\/index.php\/wp-json\/wp\/v2\/posts"}],"about":[{"href":"https:\/\/www.acapulcopress.com\/index.php\/wp-json\/wp\/v2\/types\/post"}],"author":[{"embeddable":true,"href":"https:\/\/www.acapulcopress.com\/index.php\/wp-json\/wp\/v2\/users\/2"}],"replies":[{"embeddable":true,"href":"https:\/\/www.acapulcopress.com\/index.php\/wp-json\/wp\/v2\/comments?post=1234220"}],"version-history":[{"count":0,"href":"https:\/\/www.acapulcopress.com\/index.php\/wp-json\/wp\/v2\/posts\/1234220\/revisions"}],"wp:featuredmedia":[{"embeddable":true,"href":"https:\/\/www.acapulcopress.com\/index.php\/wp-json\/"}],"wp:attachment":[{"href":"https:\/\/www.acapulcopress.com\/index.php\/wp-json\/wp\/v2\/media?parent=1234220"}],"wp:term":[{"taxonomy":"category","embeddable":true,"href":"https:\/\/www.acapulcopress.com\/index.php\/wp-json\/wp\/v2\/categories?post=1234220"},{"taxonomy":"post_tag","embeddable":true,"href":"https:\/\/www.acapulcopress.com\/index.php\/wp-json\/wp\/v2\/tags?post=1234220"}],"curies":[{"name":"wp","href":"https:\/\/api.w.org\/{rel}","templated":true}]}}