{"id":1234252,"date":"2021-11-07T18:16:55","date_gmt":"2021-11-08T00:16:55","guid":{"rendered":"https:\/\/www.acapulco.press\/?p=1234252"},"modified":"2021-11-07T18:16:55","modified_gmt":"2021-11-08T00:16:55","slug":"es-tiempo-de-la-verdadera-justicia-social-a-los-trabajadores-adela-angelito","status":"publish","type":"post","link":"https:\/\/www.acapulcopress.com\/index.php\/2021\/11\/07\/es-tiempo-de-la-verdadera-justicia-social-a-los-trabajadores-adela-angelito\/","title":{"rendered":"Es tiempo de la verdadera justicia social a los trabajadores | Adela Angelito"},"content":{"rendered":"<p style=\"text-align: justify;\">] ACAPULCO. * 7 de noviembre de 2021.<br \/>\n<em>) Aps.<\/em><br \/>\n<img loading=\"lazy\" decoding=\"async\" class=\"alignleft size-medium wp-image-1234230\" src=\"https:\/\/www.acapulco.press\/wp-content\/uploads\/2021\/11\/adela-hdz3-375x500.jpg\" alt=\"\" width=\"375\" height=\"500\" \/>Para Adela Hern\u00e1ndez Angelito, candidata a la secretar\u00eda general del SUSPEG para el per\u00edodo 2021-2025, es tiempo de los que los trabajadores al servicio del estado gocen de verdadera justicia social, por ello decidi\u00f3 participar como la primera mujer que busca el liderazgo estatal del sindicato que aglutina a m\u00e1s de 23 mil empleados que laboran para el Estado.<\/p>\n<p style=\"text-align: justify;\">Al asistir como invitada especial de un grupo de periodistas de medios digitales y electr\u00f3nicos, la candidata de la \u00abPlianilla Verde\u00bb dej\u00f3 claro que su lucha incluye una partipaci\u00f3n decidida a favor de los miles de empleados jubilados y pensionados a quienes administraciones p\u00fablicas del pasado retuvieron las cuotas que tanta falta le hace a a este sector vulnerable para atender sus necesidades.<\/p>\n<p style=\"text-align: justify;\">Entre sus compromisos destac\u00f3 poner atenci\u00f3n especial a las cuotas que los municipios retienen al ISSSPEG, pues no considera justo que las cuotas sigan siendo retenidas cuando hay un sin de necedidades entre la clase trabajadora y pensionados y jubilados que deben atenderse.<\/p>\n<p style=\"text-align: justify;\">Tras de negar que no es la candidata del dirigente David Mart\u00ednez Mastache y que, por lo que a su planilla respecta, a nadie se le est\u00e1 obligando a votar por su persona, ya que el voto es libre y debe ejercerse con responsalidad, Hern\u00e1ndez Angelito invit\u00f3 a sus compa\u00f1eros a votar por la planilla verde porque sus integrantes cuentan con la experiencia suficiente para representar dignamente a los trabajadores del Estado.<\/p>\n","protected":false},"excerpt":{"rendered":"<p>] ACAPULCO. * 7 de noviembre de 2021. ) Aps. Para Adela Hern\u00e1ndez Angelito, candidata a la secretar\u00eda general del SUSPEG para el per\u00edodo 2021-2025, es tiempo de los que los trabajadores al servicio del estado gocen de verdadera justicia social, por ello decidi\u00f3 participar como la primera mujer que busca el liderazgo estatal del&#8230;<\/p>\n","protected":false},"author":2,"featured_media":1234229,"comment_status":"closed","ping_status":"closed","sticky":false,"template":"","format":"standard","meta":{"footnotes":""},"categories":[1969],"tags":[],"class_list":["post-1234252","post","type-post","status-publish","format-standard","has-post-thumbnail","hentry","category-trending"],"_links":{"self":[{"href":"https:\/\/www.acapulcopress.com\/index.php\/wp-json\/wp\/v2\/posts\/1234252","targetHints":{"allow":["GET"]}}],"collection":[{"href":"https:\/\/www.acapulcopress.com\/index.php\/wp-json\/wp\/v2\/posts"}],"about":[{"href":"https:\/\/www.acapulcopress.com\/index.php\/wp-json\/wp\/v2\/types\/post"}],"author":[{"embeddable":true,"href":"https:\/\/www.acapulcopress.com\/index.php\/wp-json\/wp\/v2\/users\/2"}],"replies":[{"embeddable":true,"href":"https:\/\/www.acapulcopress.com\/index.php\/wp-json\/wp\/v2\/comments?post=1234252"}],"version-history":[{"count":0,"href":"https:\/\/www.acapulcopress.com\/index.php\/wp-json\/wp\/v2\/posts\/1234252\/revisions"}],"wp:featuredmedia":[{"embeddable":true,"href":"https:\/\/www.acapulcopress.com\/index.php\/wp-json\/"}],"wp:attachment":[{"href":"https:\/\/www.acapulcopress.com\/index.php\/wp-json\/wp\/v2\/media?parent=1234252"}],"wp:term":[{"taxonomy":"category","embeddable":true,"href":"https:\/\/www.acapulcopress.com\/index.php\/wp-json\/wp\/v2\/categories?post=1234252"},{"taxonomy":"post_tag","embeddable":true,"href":"https:\/\/www.acapulcopress.com\/index.php\/wp-json\/wp\/v2\/tags?post=1234252"}],"curies":[{"name":"wp","href":"https:\/\/api.w.org\/{rel}","templated":true}]}}