{"id":1234265,"date":"2021-11-08T23:10:02","date_gmt":"2021-11-09T05:10:02","guid":{"rendered":"https:\/\/www.acapulco.press\/?p=1234265"},"modified":"2021-11-08T23:10:02","modified_gmt":"2021-11-09T05:10:02","slug":"inaugura-secretario-de-educacion-guerrero-ii-congreso-internacional-de-contaduria","status":"publish","type":"post","link":"https:\/\/www.acapulcopress.com\/index.php\/2021\/11\/08\/inaugura-secretario-de-educacion-guerrero-ii-congreso-internacional-de-contaduria\/","title":{"rendered":"Inaugura secretario de Educaci\u00f3n Guerrero \u00abII Congreso Internacional de Contadur\u00eda\u00bb"},"content":{"rendered":"<p>] CHILPANCINGO. * 8 de noviembre de 2021.<br \/>\n<em>) SEG.<\/em><\/p>\n<p style=\"text-align: justify;\">El Dr. Marcial Rodr\u00edguez Salda\u00f1a, secretario de Educaci\u00f3n en Guerrero, inaugur\u00f3 en representaci\u00f3n de la gobernadora del Estado, Mtra. Evelyn Salgado Pineda, el Segundo Congreso Internacional de Contadur\u00eda, organizado de manera virtual por el Instituto Tecnol\u00f3gico Superior de la Monta\u00f1a, en el marco de su XXX aniversario.<\/p>\n<p style=\"text-align: justify;\">Rodr\u00edguez Salda\u00f1a expres\u00f3 que la gobernadora de la entidad tiene un compromiso con la educaci\u00f3n en general y en particular con la superior, para ampliar la cobertura y calidad en beneficio de los j\u00f3venes de Guerrero.<\/p>\n","protected":false},"excerpt":{"rendered":"<p>] CHILPANCINGO. * 8 de noviembre de 2021. ) SEG. El Dr. Marcial Rodr\u00edguez Salda\u00f1a, secretario de Educaci\u00f3n en Guerrero, inaugur\u00f3 en representaci\u00f3n de la gobernadora del Estado, Mtra. Evelyn Salgado Pineda, el Segundo Congreso Internacional de Contadur\u00eda, organizado de manera virtual por el Instituto Tecnol\u00f3gico Superior de la Monta\u00f1a, en el marco de su&#8230;<\/p>\n","protected":false},"author":2,"featured_media":1234266,"comment_status":"closed","ping_status":"closed","sticky":false,"template":"","format":"standard","meta":{"footnotes":""},"categories":[1969,2081],"tags":[8251,12457,16362],"class_list":["post-1234265","post","type-post","status-publish","format-standard","has-post-thumbnail","hentry","category-trending","category-seg","tag-evelyn-salgado-pineda","tag-marcial-rodriguez-saldana","tag-seg"],"_links":{"self":[{"href":"https:\/\/www.acapulcopress.com\/index.php\/wp-json\/wp\/v2\/posts\/1234265","targetHints":{"allow":["GET"]}}],"collection":[{"href":"https:\/\/www.acapulcopress.com\/index.php\/wp-json\/wp\/v2\/posts"}],"about":[{"href":"https:\/\/www.acapulcopress.com\/index.php\/wp-json\/wp\/v2\/types\/post"}],"author":[{"embeddable":true,"href":"https:\/\/www.acapulcopress.com\/index.php\/wp-json\/wp\/v2\/users\/2"}],"replies":[{"embeddable":true,"href":"https:\/\/www.acapulcopress.com\/index.php\/wp-json\/wp\/v2\/comments?post=1234265"}],"version-history":[{"count":0,"href":"https:\/\/www.acapulcopress.com\/index.php\/wp-json\/wp\/v2\/posts\/1234265\/revisions"}],"wp:featuredmedia":[{"embeddable":true,"href":"https:\/\/www.acapulcopress.com\/index.php\/wp-json\/"}],"wp:attachment":[{"href":"https:\/\/www.acapulcopress.com\/index.php\/wp-json\/wp\/v2\/media?parent=1234265"}],"wp:term":[{"taxonomy":"category","embeddable":true,"href":"https:\/\/www.acapulcopress.com\/index.php\/wp-json\/wp\/v2\/categories?post=1234265"},{"taxonomy":"post_tag","embeddable":true,"href":"https:\/\/www.acapulcopress.com\/index.php\/wp-json\/wp\/v2\/tags?post=1234265"}],"curies":[{"name":"wp","href":"https:\/\/api.w.org\/{rel}","templated":true}]}}