{"id":1234271,"date":"2021-11-08T23:21:54","date_gmt":"2021-11-09T05:21:54","guid":{"rendered":"https:\/\/www.acapulco.press\/?p=1234271"},"modified":"2021-11-08T23:21:54","modified_gmt":"2021-11-09T05:21:54","slug":"seg-y-conafe-unen-esfuerzos-por-la-educacion-en-guerrero-marcial-rodriguez","status":"publish","type":"post","link":"https:\/\/www.acapulcopress.com\/index.php\/2021\/11\/08\/seg-y-conafe-unen-esfuerzos-por-la-educacion-en-guerrero-marcial-rodriguez\/","title":{"rendered":"SEG y Conafe unen esfuerzos por la educaci\u00f3n en Guerrero | Marcial Rodr\u00edguez"},"content":{"rendered":"<p><em>] CHILPANCINGO. * 8 de noviembre de 2021.<\/em><br \/>\n<em>) SEG.<\/em><\/p>\n<p style=\"text-align: justify;\">El Secretario de Educaci\u00f3n en Guerrero, Dr. Marcial Rodr\u00edguez Salda\u00f1a, se reuni\u00f3 con la Coordinadora del Consejo Nacional de Fomento Educativo (Conafe) en el Estado, Aid\u00e9 Becerra Pineda, con quien acord\u00f3 trabajar en coordinaci\u00f3n en beneficio de la educaci\u00f3n en la entidad.<\/p>\n<p style=\"text-align: justify;\">Rodr\u00edguez Salda\u00f1a manifest\u00f3 que la gobernadora Evelyn Salgado Pineda ha indicado que haya colaboracion con todas las dependencias federales de \u00e1reas afines.<\/p>\n","protected":false},"excerpt":{"rendered":"<p>] CHILPANCINGO. * 8 de noviembre de 2021. ) SEG. El Secretario de Educaci\u00f3n en Guerrero, Dr. Marcial Rodr\u00edguez Salda\u00f1a, se reuni\u00f3 con la Coordinadora del Consejo Nacional de Fomento Educativo (Conafe) en el Estado, Aid\u00e9 Becerra Pineda, con quien acord\u00f3 trabajar en coordinaci\u00f3n en beneficio de la educaci\u00f3n en la entidad. Rodr\u00edguez Salda\u00f1a manifest\u00f3&#8230;<\/p>\n","protected":false},"author":2,"featured_media":1234272,"comment_status":"closed","ping_status":"closed","sticky":false,"template":"","format":"standard","meta":{"footnotes":""},"categories":[1969,2081],"tags":[3420,6488,8251,12457,16362],"class_list":["post-1234271","post","type-post","status-publish","format-standard","has-post-thumbnail","hentry","category-trending","category-seg","tag-aide-becerra-pineda","tag-consejo-nacional-de-fomento-educativo-conafe","tag-evelyn-salgado-pineda","tag-marcial-rodriguez-saldana","tag-seg"],"_links":{"self":[{"href":"https:\/\/www.acapulcopress.com\/index.php\/wp-json\/wp\/v2\/posts\/1234271","targetHints":{"allow":["GET"]}}],"collection":[{"href":"https:\/\/www.acapulcopress.com\/index.php\/wp-json\/wp\/v2\/posts"}],"about":[{"href":"https:\/\/www.acapulcopress.com\/index.php\/wp-json\/wp\/v2\/types\/post"}],"author":[{"embeddable":true,"href":"https:\/\/www.acapulcopress.com\/index.php\/wp-json\/wp\/v2\/users\/2"}],"replies":[{"embeddable":true,"href":"https:\/\/www.acapulcopress.com\/index.php\/wp-json\/wp\/v2\/comments?post=1234271"}],"version-history":[{"count":0,"href":"https:\/\/www.acapulcopress.com\/index.php\/wp-json\/wp\/v2\/posts\/1234271\/revisions"}],"wp:featuredmedia":[{"embeddable":true,"href":"https:\/\/www.acapulcopress.com\/index.php\/wp-json\/"}],"wp:attachment":[{"href":"https:\/\/www.acapulcopress.com\/index.php\/wp-json\/wp\/v2\/media?parent=1234271"}],"wp:term":[{"taxonomy":"category","embeddable":true,"href":"https:\/\/www.acapulcopress.com\/index.php\/wp-json\/wp\/v2\/categories?post=1234271"},{"taxonomy":"post_tag","embeddable":true,"href":"https:\/\/www.acapulcopress.com\/index.php\/wp-json\/wp\/v2\/tags?post=1234271"}],"curies":[{"name":"wp","href":"https:\/\/api.w.org\/{rel}","templated":true}]}}