{"id":1234277,"date":"2021-11-09T23:36:05","date_gmt":"2021-11-10T05:36:05","guid":{"rendered":"https:\/\/www.acapulco.press\/?p=1234277"},"modified":"2021-11-09T23:36:05","modified_gmt":"2021-11-10T05:36:05","slug":"ayudemos-a-evelyn-y-abelina-si-se-dejan-rogelio-camilo-ortega","status":"publish","type":"post","link":"https:\/\/www.acapulcopress.com\/index.php\/2021\/11\/09\/ayudemos-a-evelyn-y-abelina-si-se-dejan-rogelio-camilo-ortega\/","title":{"rendered":"Ayudemos a Evelyn y Abelina&#8230; si se dejan | Rogelio &#8216;Camilo&#8217; Ortega"},"content":{"rendered":"<p style=\"text-align: justify;\">\u00bb <strong>Fulgencio Ram\u00edrez<\/strong>.<br \/>\n] ACAPULCO. * 9 de noviembre de 2021.<br \/>\n<em>) Especial.<\/em><\/p>\n<p style=\"text-align: justify;\"><img loading=\"lazy\" decoding=\"async\" class=\"alignleft size-medium wp-image-1234280\" src=\"https:\/\/www.acapulco.press\/wp-content\/uploads\/2021\/11\/Camilo-Ortega3-375x281.jpg\" alt=\"\" width=\"375\" height=\"281\" \/>En Guerrero hay condiciones para un estallido social, por lo que se deben de atender todos los problemas e inquietudes del pueblo, se\u00f1al\u00f3 el ex gobernador Rogelio Ortega Mart\u00ednez, mejor conocido como en el mundo de la insurgencia como &#8216;Camilo&#8217;, quien present\u00f3 su libro \u00abGuerrero en llamas\u00bb, durante las actividades art\u00edstico\/culturales del festival de La Nao.<\/p>\n<p style=\"text-align: justify;\">En la plaza Juan \u00c1lvarez del Z\u00f3calo porte\u00f1o, el tambi\u00e9n maestro universitario opin\u00f3 sobre los gobiernos estatal y municipal que encabeza, respectivamente, la gobernadora Evelyn Salgado Pineda y la alcaldesa Abelina L\u00f3pez Rodr\u00edguez, donde expres\u00f3, \u00abhay que apoyarlas; claro&#8230; si se dejan\u00bb, advirti\u00f3, durante el evento inaugurado por el regidor emecist Julian Lopez Galeana, el notario publico Miguel Guill\u00e9n y el director de la Facultad de Ciencias Pol\u00edticas de la UAGro, Marco Antonio Adame Meza.<\/p>\n<p style=\"text-align: justify;\">Sobre su gesti\u00f3n como gobernador interino, asent\u00f3 que fue dif\u00edcil, donde siempre privilegio el di\u00e1logo y la concertaci\u00f3n; jam\u00e1s los abusos, aunque subray\u00f3 que, ya lo dijo el exmandatario estatal Ren\u00e9 Ju\u00e1rez Cisneros: \u00abGobernar Guerrero no es andar en Disneylandia&#8230;\u00bb.<\/p>\n<p style=\"text-align: justify;\"><img loading=\"lazy\" decoding=\"async\" class=\"alignnone wp-image-1234278 size-large\" src=\"https:\/\/www.acapulco.press\/wp-content\/uploads\/2021\/11\/Camilo-Ortega-840x630.jpg\" alt=\"\" width=\"840\" height=\"630\" \/><\/p>\n","protected":false},"excerpt":{"rendered":"<p>\u00bb Fulgencio Ram\u00edrez. ] ACAPULCO. * 9 de noviembre de 2021. ) Especial. En Guerrero hay condiciones para un estallido social, por lo que se deben de atender todos los problemas e inquietudes del pueblo, se\u00f1al\u00f3 el ex gobernador Rogelio Ortega Mart\u00ednez, mejor conocido como en el mundo de la insurgencia como &#8216;Camilo&#8217;, quien present\u00f3&#8230;<\/p>\n","protected":false},"author":2,"featured_media":1234279,"comment_status":"closed","ping_status":"closed","sticky":false,"template":"","format":"standard","meta":{"footnotes":""},"categories":[1972],"tags":[8573,15756],"class_list":["post-1234277","post","type-post","status-publish","format-standard","has-post-thumbnail","hentry","category-special","tag-festival-de-la-nao","tag-rogelio-ortega-martinez"],"_links":{"self":[{"href":"https:\/\/www.acapulcopress.com\/index.php\/wp-json\/wp\/v2\/posts\/1234277","targetHints":{"allow":["GET"]}}],"collection":[{"href":"https:\/\/www.acapulcopress.com\/index.php\/wp-json\/wp\/v2\/posts"}],"about":[{"href":"https:\/\/www.acapulcopress.com\/index.php\/wp-json\/wp\/v2\/types\/post"}],"author":[{"embeddable":true,"href":"https:\/\/www.acapulcopress.com\/index.php\/wp-json\/wp\/v2\/users\/2"}],"replies":[{"embeddable":true,"href":"https:\/\/www.acapulcopress.com\/index.php\/wp-json\/wp\/v2\/comments?post=1234277"}],"version-history":[{"count":0,"href":"https:\/\/www.acapulcopress.com\/index.php\/wp-json\/wp\/v2\/posts\/1234277\/revisions"}],"wp:featuredmedia":[{"embeddable":true,"href":"https:\/\/www.acapulcopress.com\/index.php\/wp-json\/"}],"wp:attachment":[{"href":"https:\/\/www.acapulcopress.com\/index.php\/wp-json\/wp\/v2\/media?parent=1234277"}],"wp:term":[{"taxonomy":"category","embeddable":true,"href":"https:\/\/www.acapulcopress.com\/index.php\/wp-json\/wp\/v2\/categories?post=1234277"},{"taxonomy":"post_tag","embeddable":true,"href":"https:\/\/www.acapulcopress.com\/index.php\/wp-json\/wp\/v2\/tags?post=1234277"}],"curies":[{"name":"wp","href":"https:\/\/api.w.org\/{rel}","templated":true}]}}