{"id":1234287,"date":"2021-11-09T23:57:23","date_gmt":"2021-11-10T05:57:23","guid":{"rendered":"https:\/\/www.acapulco.press\/?p=1234287"},"modified":"2021-11-09T23:57:23","modified_gmt":"2021-11-10T05:57:23","slug":"tenemos-las-mejores-propuestas-por-eso-vamos-a-ganar-adolfo-calderon","status":"publish","type":"post","link":"https:\/\/www.acapulcopress.com\/index.php\/2021\/11\/09\/tenemos-las-mejores-propuestas-por-eso-vamos-a-ganar-adolfo-calderon\/","title":{"rendered":"Tenemos las mejores propuestas, por eso \u00a1vamos a ganar! | Adolfo Calder\u00f3n"},"content":{"rendered":"<p style=\"text-align: justify;\">\u00bb<strong> Fulgencio Ram\u00edrez<\/strong><br \/>\n] ACAPULCO. * 9 de noviembre de 2021.<br \/>\n<em>) Acapulco Press.<\/em><\/p>\n<p style=\"text-align: justify;\"><img loading=\"lazy\" decoding=\"async\" class=\"alignleft size-medium wp-image-1234293\" src=\"https:\/\/www.acapulco.press\/wp-content\/uploads\/2021\/11\/DOLF-SUSPEG6-375x281.jpeg\" alt=\"\" width=\"375\" height=\"281\" \/>\u00abCada d\u00eda avanzamos m\u00e1s hacia la secretar\u00eda general del SUSPEG, porque tenemos las mejores ideas u propuestas para la base trabajadora\u00bb, expres\u00f3 el candidato de la planilla Naranja, Adolfo Calder\u00f3n Nava.<\/p>\n<p style=\"text-align: justify;\">Cuestionado durante su recorrido de este martes en Acapulco, que inicio en las instalaciones de Capama de Malaspina desde temprana hora y culmin\u00f3 con una concentraci\u00f3n con la base trabajadora de la secci\u00f3n XXI, Calder\u00f3n Nava se dijo convencido de que el pr\u00f3ximo 30 de noviembre la planilla Naranja ser\u00e1 la vencedora, ya que cuenta con el cobijo de la mayor\u00eda de las secciones sindicales.<\/p>\n<p style=\"text-align: justify;\">El candidato naranja recorri\u00f3 tambi\u00e9n el Antiguo Ayuntamiento y la Ex zona Militar, entre otras, acompa\u00f1ado por l\u00edderes naturales y trabajadores de distintas dependencias.<\/p>\n<p style=\"text-align: justify;\">En cada lugar, Calder\u00f3n Nava dijo que, de llegar a la secretaria general del<br \/>\nSUSPEG, implementar\u00e1 tres acciones primordiales para volver a capitalizar al ISSSPEG, modificando el art\u00edculo 52 de la ley de Servidores P\u00fablicos, con el objetivo de frenar la deuda hist\u00f3rica.<\/p>\n<p style=\"text-align: justify;\">De igual manera, propondr\u00e1 que el Gobierno del estado incluya en su presupuesto al ISSSPEG.<\/p>\n<p style=\"text-align: justify;\">Y aunque d\u00eda a d\u00eda va ganando m\u00e1s adhesiones de l\u00edderes seccionales, hizo un llamado a las bases para estar prevenidos, ya que \u00ablos de enfrente\u00bb ya se est\u00e1n desesperando y han empezado \u00abuna guerra sucia\u00bb, pero \u00abeso no nos debe de importar porque vamos a ganar\u00bb, subray\u00f3.<\/p>\n\n","protected":false},"excerpt":{"rendered":"<p>\u00bb Fulgencio Ram\u00edrez ] ACAPULCO. * 9 de noviembre de 2021. ) Acapulco Press. \u00abCada d\u00eda avanzamos m\u00e1s hacia la secretar\u00eda general del SUSPEG, porque tenemos las mejores ideas u propuestas para la base trabajadora\u00bb, expres\u00f3 el candidato de la planilla Naranja, Adolfo Calder\u00f3n Nava. Cuestionado durante su recorrido de este martes en Acapulco, que&#8230;<\/p>\n","protected":false},"author":2,"featured_media":1234288,"comment_status":"closed","ping_status":"closed","sticky":false,"template":"","format":"standard","meta":{"footnotes":""},"categories":[1969,1972,1989],"tags":[3284,17698],"class_list":["post-1234287","post","type-post","status-publish","format-standard","has-post-thumbnail","hentry","category-trending","category-special","category-noticias-generales","tag-adolfo-calderon-nava","tag-uspeg"],"_links":{"self":[{"href":"https:\/\/www.acapulcopress.com\/index.php\/wp-json\/wp\/v2\/posts\/1234287","targetHints":{"allow":["GET"]}}],"collection":[{"href":"https:\/\/www.acapulcopress.com\/index.php\/wp-json\/wp\/v2\/posts"}],"about":[{"href":"https:\/\/www.acapulcopress.com\/index.php\/wp-json\/wp\/v2\/types\/post"}],"author":[{"embeddable":true,"href":"https:\/\/www.acapulcopress.com\/index.php\/wp-json\/wp\/v2\/users\/2"}],"replies":[{"embeddable":true,"href":"https:\/\/www.acapulcopress.com\/index.php\/wp-json\/wp\/v2\/comments?post=1234287"}],"version-history":[{"count":0,"href":"https:\/\/www.acapulcopress.com\/index.php\/wp-json\/wp\/v2\/posts\/1234287\/revisions"}],"wp:featuredmedia":[{"embeddable":true,"href":"https:\/\/www.acapulcopress.com\/index.php\/wp-json\/"}],"wp:attachment":[{"href":"https:\/\/www.acapulcopress.com\/index.php\/wp-json\/wp\/v2\/media?parent=1234287"}],"wp:term":[{"taxonomy":"category","embeddable":true,"href":"https:\/\/www.acapulcopress.com\/index.php\/wp-json\/wp\/v2\/categories?post=1234287"},{"taxonomy":"post_tag","embeddable":true,"href":"https:\/\/www.acapulcopress.com\/index.php\/wp-json\/wp\/v2\/tags?post=1234287"}],"curies":[{"name":"wp","href":"https:\/\/api.w.org\/{rel}","templated":true}]}}