{"id":1234300,"date":"2021-11-10T00:12:56","date_gmt":"2021-11-10T06:12:56","guid":{"rendered":"https:\/\/www.acapulco.press\/?p=1234300"},"modified":"2021-11-10T00:12:56","modified_gmt":"2021-11-10T06:12:56","slug":"uagro-y-semai-firmaran-convenio-en-pro-de-comunidad-migrante-de-eu","status":"publish","type":"post","link":"https:\/\/www.acapulcopress.com\/index.php\/2021\/11\/10\/uagro-y-semai-firmaran-convenio-en-pro-de-comunidad-migrante-de-eu\/","title":{"rendered":"UAGro y Semai firmar\u00e1n convenio en pro de comunidad migrante de EU"},"content":{"rendered":"<p>] CHILPANCINGO. * 9 de noviembre de 2021.<br \/>\n<em>) UAGro.<\/em><\/p>\n<p style=\"text-align: justify;\">Como parte de los compromisos de la gobernadora Evelyn Salgado Pineda, con los guerrerenses que laboran en los Estados Unidos de Norteam\u00e9rica, la titular de la <img loading=\"lazy\" decoding=\"async\" class=\"alignleft size-medium wp-image-1234303\" src=\"https:\/\/www.acapulco.press\/wp-content\/uploads\/2021\/11\/UAGRO-Semai2-375x382.jpg\" alt=\"\" width=\"375\" height=\"382\" \/>Secretar\u00eda de los Migrantes y Asuntos Internacionales (Semai), Celeste Mora Eguiluz y el Rector de la Universidad Aut\u00f3noma de Guerrero (UAGro), Alfredo Romero Olea, anunciaron la firma de un convenio de colaboraci\u00f3n para impartir cursos del idioma ingl\u00e9s en l\u00ednea a trav\u00e9s del Centro de Lenguas Extranjeras (Celex).<\/p>\n<p style=\"text-align: justify;\">Dicho acuerdo permitir\u00e1 mejorar las condiciones laborales de los guerrerenses que emigran a los Estados Unidos, para lo que integrar\u00e1n un plan de trabajo a fin de que nuestros connacionales tengan m\u00e1s oportunidades de empleo y en consecuencia mejorar su nivel de vida en ese pa\u00eds.<\/p>\n<p style=\"text-align: justify;\">Celeste Mora detall\u00f3 que la actual administraci\u00f3n estatal realizar\u00e1 una fuerte vinculaci\u00f3n con los \u00f3rganos p\u00fablicos y privados, iniciando con la m\u00e1xima casa de estudios del Estado.<\/p>\n<p style=\"text-align: justify;\">Se acord\u00f3 que a trav\u00e9s de la firma del convenio entre la UAGro y la Semai, se buscar\u00e1 establecer un programa de capacitaci\u00f3n con el Centro de Lenguas Extranjeras (Celex), para poder ofrecer dichos cursos en la modalidad virtual.<\/p>\n","protected":false},"excerpt":{"rendered":"<p>] CHILPANCINGO. * 9 de noviembre de 2021. ) UAGro. Como parte de los compromisos de la gobernadora Evelyn Salgado Pineda, con los guerrerenses que laboran en los Estados Unidos de Norteam\u00e9rica, la titular de la Secretar\u00eda de los Migrantes y Asuntos Internacionales (Semai), Celeste Mora Eguiluz y el Rector de la Universidad Aut\u00f3noma de&#8230;<\/p>\n","protected":false},"author":2,"featured_media":1234302,"comment_status":"closed","ping_status":"closed","sticky":false,"template":"","format":"standard","meta":{"footnotes":""},"categories":[1972,18561,2016],"tags":[3659,5517,16219,17610],"class_list":["post-1234300","post","type-post","status-publish","format-standard","has-post-thumbnail","hentry","category-special","category-society-politics","category-uagro-society-politics","tag-alfredo-romero-olea","tag-centro-de-lenguas-extranjeras-celex","tag-secretaria-de-los-migrantes-y-asuntos-internacionales-semai","tag-universidad-autonoma-de-guerrero-uagro"],"_links":{"self":[{"href":"https:\/\/www.acapulcopress.com\/index.php\/wp-json\/wp\/v2\/posts\/1234300","targetHints":{"allow":["GET"]}}],"collection":[{"href":"https:\/\/www.acapulcopress.com\/index.php\/wp-json\/wp\/v2\/posts"}],"about":[{"href":"https:\/\/www.acapulcopress.com\/index.php\/wp-json\/wp\/v2\/types\/post"}],"author":[{"embeddable":true,"href":"https:\/\/www.acapulcopress.com\/index.php\/wp-json\/wp\/v2\/users\/2"}],"replies":[{"embeddable":true,"href":"https:\/\/www.acapulcopress.com\/index.php\/wp-json\/wp\/v2\/comments?post=1234300"}],"version-history":[{"count":0,"href":"https:\/\/www.acapulcopress.com\/index.php\/wp-json\/wp\/v2\/posts\/1234300\/revisions"}],"wp:featuredmedia":[{"embeddable":true,"href":"https:\/\/www.acapulcopress.com\/index.php\/wp-json\/"}],"wp:attachment":[{"href":"https:\/\/www.acapulcopress.com\/index.php\/wp-json\/wp\/v2\/media?parent=1234300"}],"wp:term":[{"taxonomy":"category","embeddable":true,"href":"https:\/\/www.acapulcopress.com\/index.php\/wp-json\/wp\/v2\/categories?post=1234300"},{"taxonomy":"post_tag","embeddable":true,"href":"https:\/\/www.acapulcopress.com\/index.php\/wp-json\/wp\/v2\/tags?post=1234300"}],"curies":[{"name":"wp","href":"https:\/\/api.w.org\/{rel}","templated":true}]}}