{"id":1234310,"date":"2021-11-10T00:29:58","date_gmt":"2021-11-10T06:29:58","guid":{"rendered":"https:\/\/www.acapulco.press\/?p=1234310"},"modified":"2021-11-10T00:29:58","modified_gmt":"2021-11-10T06:29:58","slug":"seg-y-snte-xiv-comprometidos-por-la-educacion-y-los-derechos-laborales","status":"publish","type":"post","link":"https:\/\/www.acapulcopress.com\/index.php\/2021\/11\/10\/seg-y-snte-xiv-comprometidos-por-la-educacion-y-los-derechos-laborales\/","title":{"rendered":"SEG y SNTE XIV, comprometidos por la educaci\u00f3n y los derechos laborales"},"content":{"rendered":"<p>] CHILPANCINGO. * 9 de noviembre de 2021.<br \/>\n<em>) SEG.<\/em><\/p>\n<p style=\"text-align: justify;\">El secretario de Educaci\u00f3n en Guerrero, Marcial Rodr\u00edguez Salda\u00f1a, por indicaciones de la gobernadora del Estado, Mtra. Evelyn Salgado Pineda, se reuni\u00f3 con los dirigentes de la secci\u00f3n XIV del SNTE, Javier San Mart\u00edn Jaramillo, y representantes de sus secciones sindicales en toda la entidad, quienes expusieron las diversas demandas de afiliados a dicha organizaci\u00f3n.<\/p>\n<p style=\"text-align: justify;\">Rodr\u00edguez Salda\u00f1a les expres\u00f3 un saludo y reconocimiento de la Gobernadora por su trabajo a favor de la educaci\u00f3n en Guerrero, les dijo que habr\u00e1 una relaci\u00f3n de respeto a sus derechos laborales y acord\u00f3 instalar mesas de trabajo a partir de la pr\u00f3xima semana para atender y dar respuesta a sus peticiones laborales.<\/p>\n","protected":false},"excerpt":{"rendered":"<p>] CHILPANCINGO. * 9 de noviembre de 2021. ) SEG. El secretario de Educaci\u00f3n en Guerrero, Marcial Rodr\u00edguez Salda\u00f1a, por indicaciones de la gobernadora del Estado, Mtra. Evelyn Salgado Pineda, se reuni\u00f3 con los dirigentes de la secci\u00f3n XIV del SNTE, Javier San Mart\u00edn Jaramillo, y representantes de sus secciones sindicales en toda la entidad,&#8230;<\/p>\n","protected":false},"author":2,"featured_media":1234311,"comment_status":"closed","ping_status":"closed","sticky":false,"template":"","format":"standard","meta":{"footnotes":""},"categories":[1969,2081],"tags":[12457,16169,16362],"class_list":["post-1234310","post","type-post","status-publish","format-standard","has-post-thumbnail","hentry","category-trending","category-seg","tag-marcial-rodriguez-saldana","tag-secretaria-de-educacion-guerrero-seg","tag-seg"],"_links":{"self":[{"href":"https:\/\/www.acapulcopress.com\/index.php\/wp-json\/wp\/v2\/posts\/1234310","targetHints":{"allow":["GET"]}}],"collection":[{"href":"https:\/\/www.acapulcopress.com\/index.php\/wp-json\/wp\/v2\/posts"}],"about":[{"href":"https:\/\/www.acapulcopress.com\/index.php\/wp-json\/wp\/v2\/types\/post"}],"author":[{"embeddable":true,"href":"https:\/\/www.acapulcopress.com\/index.php\/wp-json\/wp\/v2\/users\/2"}],"replies":[{"embeddable":true,"href":"https:\/\/www.acapulcopress.com\/index.php\/wp-json\/wp\/v2\/comments?post=1234310"}],"version-history":[{"count":0,"href":"https:\/\/www.acapulcopress.com\/index.php\/wp-json\/wp\/v2\/posts\/1234310\/revisions"}],"wp:featuredmedia":[{"embeddable":true,"href":"https:\/\/www.acapulcopress.com\/index.php\/wp-json\/"}],"wp:attachment":[{"href":"https:\/\/www.acapulcopress.com\/index.php\/wp-json\/wp\/v2\/media?parent=1234310"}],"wp:term":[{"taxonomy":"category","embeddable":true,"href":"https:\/\/www.acapulcopress.com\/index.php\/wp-json\/wp\/v2\/categories?post=1234310"},{"taxonomy":"post_tag","embeddable":true,"href":"https:\/\/www.acapulcopress.com\/index.php\/wp-json\/wp\/v2\/tags?post=1234310"}],"curies":[{"name":"wp","href":"https:\/\/api.w.org\/{rel}","templated":true}]}}