{"id":1234316,"date":"2021-11-10T19:10:15","date_gmt":"2021-11-11T01:10:15","guid":{"rendered":"https:\/\/www.acapulco.press\/?p=1234316"},"modified":"2021-11-10T19:10:15","modified_gmt":"2021-11-11T01:10:15","slug":"armada-de-mexico-rescata-tres-pescadores-desaparecidos-hace-3-dias","status":"publish","type":"post","link":"https:\/\/www.acapulcopress.com\/index.php\/2021\/11\/10\/armada-de-mexico-rescata-tres-pescadores-desaparecidos-hace-3-dias\/","title":{"rendered":"Armada de M\u00e9xico rescata tres pescadores desaparecidos hace 3 d\u00edas"},"content":{"rendered":"<p style=\"text-align: justify;\"><img loading=\"lazy\" decoding=\"async\" class=\"alignnone wp-image-1234318 size-large\" src=\"https:\/\/www.acapulco.press\/wp-content\/uploads\/2021\/11\/Semar-Naufragos2-840x560.jpg\" alt=\"\" width=\"840\" height=\"560\" \/><\/p>\n<p>\u00bb <strong>Fulgencio Ram\u00edrez<\/strong>.<br \/>\n) Im\u00e1genes | <em>Sermar.<\/em><br \/>\n] ACAPULCO. * 10 de noviembre de 2021.<br \/>\n<em>) Acapulco Press.<\/em><\/p>\n<p style=\"text-align: justify;\"><img loading=\"lazy\" decoding=\"async\" class=\"alignleft size-medium wp-image-1234324\" src=\"https:\/\/www.acapulco.press\/wp-content\/uploads\/2021\/11\/Semar-Naufragos8-375x250.jpg\" alt=\"\" width=\"375\" height=\"250\" \/>Tres pescadores que salieron desde la bah\u00eda a bordo de una peque\u00f1a embarcaci\u00f3n y que se encontraban n\u00e1ufragos, fueron rescatados por personal de la Armada de M\u00e9xico en funciones de Guardia Costera.<\/p>\n<p style=\"text-align: justify;\">A trav\u00e9s de un bolet\u00edn emitido por la Octava Regi\u00f3n Naval, se informo que los tres pescadores que se encontraban a bordo de una embarcaci\u00f3n menor con el nombre de Fais\u00e1n\u00bb que qued\u00f3 al garete desde el pasado 8 del actual, en la costa de Guerrero, debido a una falla en el motor.<\/p>\n<p style=\"text-align: justify;\">Cabe se\u00f1alar que el alertamiento por el posible naufragio lo realiz\u00f3 la Direcci\u00f3n de Pesca y Acuacultura del Estado de Guerrero.<\/p>\n<p style=\"text-align: justify;\">Tras varios d\u00edas de b\u00fasqueda, la peque\u00f1a embarcaci\u00f3n fue localizada a aproximadamente 22 millas n\u00e1uticas (40.7 kil\u00f3metros) al Suroeste de la bah\u00eda de Acapulco, Guerrero.<\/p>\n<p style=\"text-align: justify;\">Posteriormente, la unidad mar\u00edtima de rescate de la Armada de M\u00e9xico efectu\u00f3 el remolque de la embarcaci\u00f3n y el traslado de los tres pescadores de 47, 27 y 18 a\u00f1os de edad al muelle de la Octava Regi\u00f3n Naval, donde personal de sanidad naval les realiz\u00f3 la valoraci\u00f3n m\u00e9dicamente correspondiente.<\/p>\n<p style=\"text-align: justify;\">En este sentido, cabe recordar a la comunidad pesquera la importancia de que las embarcaciones cuenten con el sistema de emergencia de radio correspondiente, lo que permite agilizar las labores de b\u00fasqueda, localizaci\u00f3n y rescate ante una emergencia en la mar.<\/p>\n<div style=\"width: 640px;\" class=\"wp-video\"><video class=\"wp-video-shortcode\" id=\"video-1234316-1\" width=\"640\" height=\"352\" preload=\"metadata\" controls=\"controls\"><source type=\"video\/mp4\" src=\"https:\/\/www.acapulco.press\/wp-content\/uploads\/2021\/11\/SEMAS-RESCATE.mp4?_=1\" \/><a href=\"https:\/\/www.acapulco.press\/wp-content\/uploads\/2021\/11\/SEMAS-RESCATE.mp4\">https:\/\/www.acapulco.press\/wp-content\/uploads\/2021\/11\/SEMAS-RESCATE.mp4<\/a><\/video><\/div>\n","protected":false},"excerpt":{"rendered":"<p>\u00bb Fulgencio Ram\u00edrez. ) Im\u00e1genes | Sermar. ] ACAPULCO. * 10 de noviembre de 2021. ) Acapulco Press. Tres pescadores que salieron desde la bah\u00eda a bordo de una peque\u00f1a embarcaci\u00f3n y que se encontraban n\u00e1ufragos, fueron rescatados por personal de la Armada de M\u00e9xico en funciones de Guardia Costera. A trav\u00e9s de un bolet\u00edn&#8230;<\/p>\n","protected":false},"author":2,"featured_media":1234321,"comment_status":"closed","ping_status":"closed","sticky":false,"template":"","format":"standard","meta":{"footnotes":""},"categories":[1969,1972,2005],"tags":[],"class_list":["post-1234316","post","type-post","status-publish","format-standard","has-post-thumbnail","hentry","category-trending","category-special","category-seguridad-y-justicia"],"_links":{"self":[{"href":"https:\/\/www.acapulcopress.com\/index.php\/wp-json\/wp\/v2\/posts\/1234316","targetHints":{"allow":["GET"]}}],"collection":[{"href":"https:\/\/www.acapulcopress.com\/index.php\/wp-json\/wp\/v2\/posts"}],"about":[{"href":"https:\/\/www.acapulcopress.com\/index.php\/wp-json\/wp\/v2\/types\/post"}],"author":[{"embeddable":true,"href":"https:\/\/www.acapulcopress.com\/index.php\/wp-json\/wp\/v2\/users\/2"}],"replies":[{"embeddable":true,"href":"https:\/\/www.acapulcopress.com\/index.php\/wp-json\/wp\/v2\/comments?post=1234316"}],"version-history":[{"count":0,"href":"https:\/\/www.acapulcopress.com\/index.php\/wp-json\/wp\/v2\/posts\/1234316\/revisions"}],"wp:featuredmedia":[{"embeddable":true,"href":"https:\/\/www.acapulcopress.com\/index.php\/wp-json\/"}],"wp:attachment":[{"href":"https:\/\/www.acapulcopress.com\/index.php\/wp-json\/wp\/v2\/media?parent=1234316"}],"wp:term":[{"taxonomy":"category","embeddable":true,"href":"https:\/\/www.acapulcopress.com\/index.php\/wp-json\/wp\/v2\/categories?post=1234316"},{"taxonomy":"post_tag","embeddable":true,"href":"https:\/\/www.acapulcopress.com\/index.php\/wp-json\/wp\/v2\/tags?post=1234316"}],"curies":[{"name":"wp","href":"https:\/\/api.w.org\/{rel}","templated":true}]}}