{"id":1234384,"date":"2021-11-10T22:44:04","date_gmt":"2021-11-11T04:44:04","guid":{"rendered":"https:\/\/www.acapulco.press\/?p=1234384"},"modified":"2021-11-10T22:44:04","modified_gmt":"2021-11-11T04:44:04","slug":"se-reune-rector-romero-con-integrantes-de-la-olimpiada-mexicana-de-matematica","status":"publish","type":"post","link":"https:\/\/www.acapulcopress.com\/index.php\/2021\/11\/10\/se-reune-rector-romero-con-integrantes-de-la-olimpiada-mexicana-de-matematica\/","title":{"rendered":"Se re\u00fane Rector Romero con integrantes de la Olimpiada Mexicana de Matem\u00e1tica"},"content":{"rendered":"<p><img loading=\"lazy\" decoding=\"async\" class=\"alignnone wp-image-1234388 size-large\" src=\"https:\/\/www.acapulco.press\/wp-content\/uploads\/2021\/11\/romero-olimpiada2-840x527.jpg\" alt=\"\" width=\"840\" height=\"527\" \/><\/p>\n<p>] CHILPANCINGO. * 10 de noviembre de 2021.<br \/>\n<em>) UAGro.<\/em><\/p>\n<p style=\"text-align: justify;\">El Dr. Jos\u00e9 Alfredo Romero Olea, se reuni\u00f3 con los estudiantes Omar Astudillo, Catherine Gonz\u00e1lez, Carol Rend\u00f3n, Omar Zamilpa, Alfredo N\u00fa\u00f1ez y Mario Gonz\u00e1lez, integrantes de la Delegaci\u00f3n Guerrero en la 35 Concurso Nacional de la Olimpiada Mexicana de Matem\u00e1ticas.<\/p>\n<p style=\"text-align: justify;\">Durante la charla les felicito y agradeci\u00f3 el esfuerzo que han puesto al representar a nuestro estado en este concurso nacional y refrend\u00f3 el apoyo de la UAGro a la proyecci\u00f3n del talento acad\u00e9mico guerrerense de nivel medio b\u00e1sico y medio superior en este importante evento, dese\u00e1ndoles el mayor de los \u00e9xitos de cara a la siguiente etapa: la fase internacional.<\/p>\n<p><img loading=\"lazy\" decoding=\"async\" class=\"alignnone wp-image-1234386 size-large\" src=\"https:\/\/www.acapulco.press\/wp-content\/uploads\/2021\/11\/Omar-Astudillo-uagro2-840x610.jpg\" alt=\"\" width=\"840\" height=\"610\" \/><\/p>\n","protected":false},"excerpt":{"rendered":"<p>] CHILPANCINGO. * 10 de noviembre de 2021. ) UAGro. El Dr. Jos\u00e9 Alfredo Romero Olea, se reuni\u00f3 con los estudiantes Omar Astudillo, Catherine Gonz\u00e1lez, Carol Rend\u00f3n, Omar Zamilpa, Alfredo N\u00fa\u00f1ez y Mario Gonz\u00e1lez, integrantes de la Delegaci\u00f3n Guerrero en la 35 Concurso Nacional de la Olimpiada Mexicana de Matem\u00e1ticas. Durante la charla les felicito&#8230;<\/p>\n","protected":false},"author":2,"featured_media":1234387,"comment_status":"closed","ping_status":"closed","sticky":false,"template":"","format":"standard","meta":{"footnotes":""},"categories":[18561,2016],"tags":[2896,2991,3654,5265,5400,10980,12681,13933,13948,17610],"class_list":["post-1234384","post","type-post","status-publish","format-standard","has-post-thumbnail","hentry","category-society-politics","category-uagro-society-politics","tag-uagro-2","tag-35-concurso-nacional-de-la-olimpiada-mexicana-de-matematicas","tag-alfredo-nunez","tag-carol-rendon","tag-catherine-gonzalez","tag-jose-alfredo-romero-olea","tag-mario-gonzalez","tag-omar-astudillo","tag-omar-zamilpa","tag-universidad-autonoma-de-guerrero-uagro"],"_links":{"self":[{"href":"https:\/\/www.acapulcopress.com\/index.php\/wp-json\/wp\/v2\/posts\/1234384","targetHints":{"allow":["GET"]}}],"collection":[{"href":"https:\/\/www.acapulcopress.com\/index.php\/wp-json\/wp\/v2\/posts"}],"about":[{"href":"https:\/\/www.acapulcopress.com\/index.php\/wp-json\/wp\/v2\/types\/post"}],"author":[{"embeddable":true,"href":"https:\/\/www.acapulcopress.com\/index.php\/wp-json\/wp\/v2\/users\/2"}],"replies":[{"embeddable":true,"href":"https:\/\/www.acapulcopress.com\/index.php\/wp-json\/wp\/v2\/comments?post=1234384"}],"version-history":[{"count":0,"href":"https:\/\/www.acapulcopress.com\/index.php\/wp-json\/wp\/v2\/posts\/1234384\/revisions"}],"wp:featuredmedia":[{"embeddable":true,"href":"https:\/\/www.acapulcopress.com\/index.php\/wp-json\/"}],"wp:attachment":[{"href":"https:\/\/www.acapulcopress.com\/index.php\/wp-json\/wp\/v2\/media?parent=1234384"}],"wp:term":[{"taxonomy":"category","embeddable":true,"href":"https:\/\/www.acapulcopress.com\/index.php\/wp-json\/wp\/v2\/categories?post=1234384"},{"taxonomy":"post_tag","embeddable":true,"href":"https:\/\/www.acapulcopress.com\/index.php\/wp-json\/wp\/v2\/tags?post=1234384"}],"curies":[{"name":"wp","href":"https:\/\/api.w.org\/{rel}","templated":true}]}}