{"id":1234394,"date":"2021-11-10T23:07:35","date_gmt":"2021-11-11T05:07:35","guid":{"rendered":"https:\/\/www.acapulco.press\/?p=1234394"},"modified":"2021-11-10T23:07:35","modified_gmt":"2021-11-11T05:07:35","slug":"matrimonios-infantiles-practica-nociva","status":"publish","type":"post","link":"https:\/\/www.acapulcopress.com\/index.php\/2021\/11\/10\/matrimonios-infantiles-practica-nociva\/","title":{"rendered":"Matrimonios infantiles, pr\u00e1ctica nociva"},"content":{"rendered":"<p style=\"text-align: justify;\">] TLAPA DE COMONFORT. * 10 de noviembre de 2021.<br \/>\n<em>) ANASA.<\/em><\/p>\n<p style=\"text-align: justify;\">La representante de ONU-Mujeres en M\u00e9xico, Bel\u00e9n Sanz Luque, dijo que en el 2019, Guerrero ocup\u00f3 el primer lugar nacional en el porcentaje de matrimonios de mujeres j\u00f3venes de 15 a 19 a\u00f1os de edad y para la Organizaci\u00f3n de las Naciones Unidas (ONU) considera los matrimonios forzados como una forma de violencia que se le denomina una \u201cpr\u00e1ctica nociva\u201d porque afecta el desarrollo de la vida de las ni\u00f1as, mujeres y a la comunidad.<\/p>\n<p style=\"text-align: justify;\">Al participar en la Estrategia para Prevenir, Atender, Sancionar y Erradicar la Violencia de las Mujeres, ni\u00f1as y adolescentes en la Monta\u00f1a y Costa Chica, Sanz Luque dio a conocer que en el mundo una de cada tres mujeres han sufrido alguna forma de violencia en alg\u00fan momento de su vida y en alguna parte del espacio p\u00fablico y privado.<\/p>\n<p style=\"text-align: justify;\">Mientras que en M\u00e9xico, al menos siete de cada 10 mujeres ha manifestado ser v\u00edctima de alguna forma de violencia pero lo que importa es el por qu\u00e9 esto sucede.<\/p>\n<p>Tambi\u00e9n otras estad\u00edsticas como de la Secretar\u00eda de La Mujer, indican que una de cada tres mujeres guerrerenses han sufrido alguna forma de violencia y completamente han contra\u00eddo matrimonio siendo menores de edad.<\/p>\n<p style=\"text-align: justify;\">\u201cTan s\u00f3lo en el 2019 con mucho dolor, Guerrero ocup\u00f3 el primer lugar nacional en el porcentaje de matrimonios de mujeres j\u00f3venes de 15 a 19 a\u00f1os y por qu\u00e9 nos referimos a esta problem\u00e1tica ? por qu\u00e9 hace parte de la dificultad de la violencia que enfrenta millones de mujeres y ni\u00f1as en Guerrero, en M\u00e9xico y en otros partes del mundo y por qu\u00e9 esa forma de violencia es un obst\u00e1culo para su desarrollo y de las comunidades\u201d.<\/p>\n<p style=\"text-align: justify;\">La representante de ONU-M\u00e9xico, dijo en el municipio de Tlapa de Comonfort ante la gobernadora, Evelyn Salgado Pineda, que todav\u00eda la violencia contra las mujeres y las ni\u00f1as existen en todos los rincones del planeta y es una forma de violencia que les afecta la vida en el car\u00e1cter f\u00edsico, psicol\u00f3gico, econ\u00f3mico, patrimonial y que adem\u00e1s tiene grandes consecuencias en las comunidades.<\/p>\n<p style=\"text-align: justify;\">Coment\u00f3 que cuando las mujeres contraen matrimonio tempranos tienen grandes consecuencias en el desarrollo de su vida y tiene que abandonar sus estudios a una edad temprana sin completar con \u00e9xito su ciclo escolar.<\/p>\n<p style=\"text-align: justify;\">Tambi\u00e9n tiene afectaciones a su salud incluyendo embarazos precoces, que son una de las principales causas de muertes de las ni\u00f1as entre 15 a 19 a\u00f1os de edad en el mundo.<\/p>\n<p style=\"text-align: justify;\">Adem\u00e1s de que los matrimonios tempranos tiene consecuencias a su propio desarrollo, autonom\u00eda y contribuir al bienestar de la comunidad y es por ello que desde Naciones Unidas a esta forma de violencia se le denomina una pr\u00e1ctica nociva porque afecta el desarrollo de la vida de las ni\u00f1as y las mujeres pero tambi\u00e9n afectan a la comunidad de la sociedad en su conjunto.<\/p>\n<p style=\"text-align: justify;\">Insisti\u00f3 que es preciso atender las causas estructurales de esta forma de violencia y de todas las formas de violencia que viven las mujeres y las ni\u00f1as y esas causas estructurales tienen que ver con la desigualdad que enfrentan en gran parte de las comunidades.<\/p>\n<p style=\"text-align: justify;\">\u201cPara eliminar la violencia contra las mujeres y las ni\u00f1as es preciso llevar a cabo estrategias hol\u00edsticas completas, legales como la que hoy se no es esta presentando y estrategias que se tomen en cuenta de qu\u00e9 manera la propia comunidad define la problem\u00e1tica y como propone solucionarlas y que desarrolle y homologue leyes y normas que requieran ser homologadas o armonizadas para arrancar cualquier forma de violencia\u201d, precis\u00f3.<\/p>\n<p style=\"text-align: justify;\"><strong>Revisar\u00e1n casos de mujeres presas injustamente; Gobernadora<\/strong><\/p>\n<p style=\"text-align: justify;\">Al asegurar que la \u00abEstrategia para prevenir, atender, sancionar y erradicar la violencia contra las mujeres, ni\u00f1as y adolescentes en la Monta\u00f1a y Costa Chica\u00bb, no ser\u00e1 solo \u00abde papel\u00bb, la gobernadora de Guerrero, Evelyn Salgado Pineda adelant\u00f3 que buscar\u00e1n mecanismos para liberar a mujeres presas de manera injustificada.<\/p>\n<p style=\"text-align: justify;\"><img loading=\"lazy\" decoding=\"async\" class=\"alignleft size-medium wp-image-1234355\" src=\"https:\/\/www.acapulco.press\/wp-content\/uploads\/2021\/11\/TLAPA-EVELYN5-375x250.jpeg\" alt=\"\" width=\"375\" height=\"250\" \/>En entrevista al t\u00e9rmino del evento, detall\u00f3 que las instancias internacionales como ONU Mujeres y las federales como la Secretar\u00eda de Gobernaci\u00f3n y el Instituto de la Mujeres, supervisar\u00e1n de manera constante los avances de este proceso para que no se quede solo en un anuncio.<\/p>\n<p style=\"text-align: justify;\">\u00abEst\u00e1n las mujeres acusadas de manera injusta, aquellas que no tienen acceso a la justicia\u00bb y prometi\u00f3 que se revisar\u00e1 caso por caso.<\/p>\n<p style=\"text-align: justify;\">Salgado Pineda adelant\u00f3 que habr\u00e1 una reuni\u00f3n con las instancias federal y estatal de Derechos Humanos para buscar el mecanismo que permita revisar, valorar y decidir en qu\u00e9 casos y bajo qu\u00e9 condiciones se puede implementar este programa de liberaci\u00f3n.<\/p>\n<p style=\"text-align: justify;\">\u00abSon diferentes casos, vamos a analizar uno por uno, pero le vamos a entrar. Es decir, esto es parte de un sistema integral que abarca todo\u00bb.<\/p>\n<p style=\"text-align: justify;\">La gobernadora resalt\u00f3 el apoyo que ha recibido del presidente Andr\u00e9s Manuel L\u00f3pez Obrador y de su gabinete tras reuniones para esta estrategia, pero tambi\u00e9n para temas educativos, econ\u00f3micos, tur\u00edsticos y de seguridad.<\/p>\n<p style=\"text-align: justify;\">\u00abVienen cosas buenas para Guerrero. Estamos trabajando todos los d\u00edas para que el estado no sea esa &#8216;nota roja&#8217; se maneja a nivel nacional e internacional y se conozca por sus cosas buenas\u00bb, afirm\u00f3.<\/p>\n","protected":false},"excerpt":{"rendered":"<p>] TLAPA DE COMONFORT. * 10 de noviembre de 2021. ) ANASA. La representante de ONU-Mujeres en M\u00e9xico, Bel\u00e9n Sanz Luque, dijo que en el 2019, Guerrero ocup\u00f3 el primer lugar nacional en el porcentaje de matrimonios de mujeres j\u00f3venes de 15 a 19 a\u00f1os de edad y para la Organizaci\u00f3n de las Naciones Unidas&#8230;<\/p>\n","protected":false},"author":2,"featured_media":1234357,"comment_status":"closed","ping_status":"closed","sticky":false,"template":"","format":"standard","meta":{"footnotes":""},"categories":[1997],"tags":[],"class_list":["post-1234394","post","type-post","status-publish","format-standard","has-post-thumbnail","hentry","category-noticias-destacadas"],"_links":{"self":[{"href":"https:\/\/www.acapulcopress.com\/index.php\/wp-json\/wp\/v2\/posts\/1234394","targetHints":{"allow":["GET"]}}],"collection":[{"href":"https:\/\/www.acapulcopress.com\/index.php\/wp-json\/wp\/v2\/posts"}],"about":[{"href":"https:\/\/www.acapulcopress.com\/index.php\/wp-json\/wp\/v2\/types\/post"}],"author":[{"embeddable":true,"href":"https:\/\/www.acapulcopress.com\/index.php\/wp-json\/wp\/v2\/users\/2"}],"replies":[{"embeddable":true,"href":"https:\/\/www.acapulcopress.com\/index.php\/wp-json\/wp\/v2\/comments?post=1234394"}],"version-history":[{"count":0,"href":"https:\/\/www.acapulcopress.com\/index.php\/wp-json\/wp\/v2\/posts\/1234394\/revisions"}],"wp:featuredmedia":[{"embeddable":true,"href":"https:\/\/www.acapulcopress.com\/index.php\/wp-json\/"}],"wp:attachment":[{"href":"https:\/\/www.acapulcopress.com\/index.php\/wp-json\/wp\/v2\/media?parent=1234394"}],"wp:term":[{"taxonomy":"category","embeddable":true,"href":"https:\/\/www.acapulcopress.com\/index.php\/wp-json\/wp\/v2\/categories?post=1234394"},{"taxonomy":"post_tag","embeddable":true,"href":"https:\/\/www.acapulcopress.com\/index.php\/wp-json\/wp\/v2\/tags?post=1234394"}],"curies":[{"name":"wp","href":"https:\/\/api.w.org\/{rel}","templated":true}]}}