{"id":1234454,"date":"2021-11-11T20:29:00","date_gmt":"2021-11-12T02:29:00","guid":{"rendered":"https:\/\/www.acapulco.press\/?p=1234454"},"modified":"2021-11-11T20:29:00","modified_gmt":"2021-11-12T02:29:00","slug":"carmen-salinas-se-encuentra-en-coma-y-con-respirador","status":"publish","type":"post","link":"https:\/\/www.acapulcopress.com\/index.php\/2021\/11\/11\/carmen-salinas-se-encuentra-en-coma-y-con-respirador\/","title":{"rendered":"Carmen Salinas se encuentra en coma y con respirador"},"content":{"rendered":"<p style=\"text-align: justify;\">] CIUDAD DE M\u00c9XICO. * 11 de noviembre de 2021.<br \/>\n<em>) <a href=\"https:\/\/elpais.com\/mexico\/2021-11-11\/la-actriz-mexicana-carmen-salinas-ingresada-en-el-hospital-en-coma-tras-sufrir-un-derrame-cerebral.html\" target=\"_blank\" rel=\"noopener\">El Pa\u00eds<\/a> \/ <a href=\"https:\/\/www.eluniversal.com.mx\/espectaculos\/farandula\/buscan-neurologo-militar-para-carmen-salinas-hipertension-posible-causa\" target=\"_blank\" rel=\"noopener\">El Universal<\/a>.<\/em><\/p>\n<p style=\"text-align: justify;\">La actriz mexicana Carmen Salinas Lozano (Torre\u00f3n, Coahuila, 1939) fue hospitalizada la madrugada de este jueves debido a un derrame cerebral, de acuerdo a lo que dio a conocer el sobrino de la tambi\u00e9n pol\u00edtica. \u201cLa familia Salinas les comparte que la primera actriz la se\u00f1ora Carmen Salinas atraviesa por una dif\u00edcil situaci\u00f3n de salud, raz\u00f3n por la cual permanece en el \u00e1rea de terapia intensiva donde m\u00e9dicos especialistas la atienden\u201d, inform\u00f3 en un comunicado Gustavo Briones, sobrino de la actriz.<\/p>\n<p style=\"text-align: justify;\">Salinas, conocida por ser protagonista de decenas de telenovelas y pel\u00edculas, ingres\u00f3 a un hospital en Ciudad de M\u00e9xico y tuvo que ser conectada a un respirador artificial, ha informado Carmen Plascencia, nieta de la celebridad e indic\u00f3 que su salud empez\u00f3 a decaer la noche del mi\u00e9rcoles en su casa. \u201cMi abuelita quiere mucho a su p\u00fablico y a sus compa\u00f1eros, mi abuelita siempre ha sido una mujer cari\u00f1osa y amorosa y gracias por esa reciprocidad\u201d, a\u00f1adi\u00f3 Plascencia en una entrevista en el programa de televisi\u00f3n Hoy.<\/p>\n<p style=\"text-align: justify;\">Nicandro D\u00edaz, productor de la telenovela Mi fortuna es amarte, que actualmente se encuentra en proceso de grabaci\u00f3n y donde participa Salinas, expres\u00f3 su preocupaci\u00f3n por el estado de salud de la actriz. \u201cSabemos que Carmelita est\u00e1 muy delicada de salud, pero no sabemos m\u00e1s, estamos muy preocupados en la producci\u00f3n\u201d, coment\u00f3 D\u00edaz en una entrevista concedida a RadioF\u00f3rmula.<\/p>\n<p style=\"text-align: justify;\">Mi fortuna es amarte, telenovela donde participa la actriz como personaje principal y que se transmite por Televisa, se estren\u00f3 este lunes en el Canal de las Estrellas. En sus redes sociales donde la actriz permaneci\u00f3 activa hasta hace unas horas, Salinas comparti\u00f3 momentos del rodaje y tambi\u00e9n un video con fotograf\u00edas de su trayectoria.<\/p>\n<p style=\"text-align: justify;\">Salinas naci\u00f3 en Torre\u00f3n (Estado de Coahuila, al norte de M\u00e9xico) y tuvo su debut en la telenovela La vecindad en 1964 bajo la direcci\u00f3n de Ernesto Alonso y posteriormente se convirti\u00f3 en un \u00edcono del g\u00e9nero del cine de ficheras. Particip\u00f3 en pel\u00edculas como La vida in\u00fatil de Pito P\u00e9rez (1970) y Bellas de Noche (1975) con el reconocido papel de La Corcholata.<\/p>\n<p style=\"text-align: justify;\">Entre 2015 y 2018 fue diputada federal abanderada por el Partido Revolucionario Institucional (PRI), donde fue fuertemente criticada por sus comentarios y posturas pol\u00edticas. \u201cGano m\u00e1s como actriz que como diputada, voy a regresar a la televisi\u00f3n\u201d, dijo antes de dejar el cargo. Tras su paso por la pol\u00edtica, Salinas regres\u00f3 a los foros de televisi\u00f3n.<\/p>\n<p style=\"text-align: justify;\"><strong>Buscan neur\u00f3logo militar para Carmen<\/strong><\/p>\n<p style=\"text-align: justify;\">La familia de Carmen Salinas est\u00e1 buscando un especialista para que pueda ver su caso, y se mantienen unidos, apoyando a al actriz como, dicen, ella siempre ha apoyado a todos, incluso sin que se lo pidan. La familia de Carmen Salinas est\u00e1 buscando un especialista para que pueda ver su caso, y se mantienen unidos, apoyando <img loading=\"lazy\" decoding=\"async\" class=\"alignleft size-medium wp-image-1234455\" src=\"https:\/\/www.acapulco.press\/wp-content\/uploads\/2021\/11\/CARMEN-SALINAS-375x188.jpg\" alt=\"\" width=\"375\" height=\"188\" \/>a al actriz como, dicen, ella siempre ha apoyado a todos, incluso sin que se lo pidan.<\/p>\n<p style=\"text-align: justify;\">\u00abEl otro neur\u00f3logo nos dijo que ven\u00eda uno (a verla) y result\u00f3 que no. Ahorita un amigo nos est\u00e1 consiguiendo un neur\u00f3logo militar que es amigo de \u00e9l\u00bb, comparti\u00f3, notablemente afectado, pero fuerte.<\/p>\n<p style=\"text-align: justify;\">Esta noche, Gustavo Briones, sobrino de Carmen Salinas sali\u00f3 del hospital en el que la artista y pol\u00edtica se encuentra desde anoche para comentar que hasta ahora la condici\u00f3n de la estrella se mantiene igual: misma saturaci\u00f3n y sin medicamentos m\u00e1s que para el dolor.<\/p>\n<p style=\"text-align: justify;\">\u00abEl doctor me dice que ahorita no van a hacer nada (ning\u00fan tipo de estudios). El informe va a ser ma\u00f1ana\u00bb, y agreg\u00f3 cu\u00e1l es una de las posibles causas de que haya ocurrido esta situaci\u00f3n.<\/p>\n<p style=\"text-align: justify;\">\u00abEl doctor me coment\u00f3 ahorita que es como alguien que sufre del coraz\u00f3n, pero ella de hipertensi\u00f3n, siempre ha sido hipertensa, desde el fallecimiento de mi primo Pedrito, toma medicamento para la hipertensi\u00f3n\u00bb.<\/p>\n<p style=\"text-align: justify;\">Pese a lo dif\u00edcil de esta situaci\u00f3n, Briones agradeci\u00f3 todo el apoyo que han recibido.<\/p>\n<p style=\"text-align: justify;\">\u00abElla es muy querida, todo el mundo me ha hablado, acabo de hablar con Ana de la Reguera, me dijo que si pod\u00eda venir y le digo que no hay forma, nadie puede entrar a verla, solo su nieta y yo estamos como responsables\u00bb.<\/p>\n<p style=\"text-align: justify;\">\u00abSeguimos con esperanzas y pidi\u00e9ndole a Dios que nos haga el milagro\u00bb, agreg\u00f3.<\/p>\n<p style=\"text-align: justify;\">En cuanto a la carga de trabajo, Carmelita Salinas s\u00ed estaba grabando con Nicandro D\u00edaz la telenovela \u00abMi Fortuna es Amarte\u00bb, y ten\u00eda el estr\u00e9s laboral normal, pero nada extraordinario.<\/p>\n<p style=\"text-align: justify;\">\u00abEstaba cansada por el estr\u00e9s del trabajo, ustedes saben que ella siempre siempre ha trabajado mucho y nos tumba a muchos de nosotros trabajando. El se\u00f1or Nicandro le daba cuatro o cinco escenas y se las juntaba todas, si lleg\u00e1bamos a las 10, a las tres ya estaba de salida\u00bb, se\u00f1al\u00f3.<\/p>\n<p style=\"text-align: justify;\">Finalmente pidi\u00f3 que quienes la conocen oren por la actriz de 82 a\u00f1os.<\/p>\n","protected":false},"excerpt":{"rendered":"<p>] CIUDAD DE M\u00c9XICO. * 11 de noviembre de 2021. ) El Pa\u00eds \/ El Universal. La actriz mexicana Carmen Salinas Lozano (Torre\u00f3n, Coahuila, 1939) fue hospitalizada la madrugada de este jueves debido a un derrame cerebral, de acuerdo a lo que dio a conocer el sobrino de la tambi\u00e9n pol\u00edtica. \u201cLa familia Salinas les&#8230;<\/p>\n","protected":false},"author":2,"featured_media":1234456,"comment_status":"closed","ping_status":"closed","sticky":false,"template":"","format":"standard","meta":{"footnotes":""},"categories":[18563,1972,1988],"tags":[5256,13043],"class_list":["post-1234454","post","type-post","status-publish","format-standard","has-post-thumbnail","hentry","category-entretenimiento","category-special","category-lifestyles","tag-carmen-salinas-lozano","tag-mi-fortuna-es-amarte"],"_links":{"self":[{"href":"https:\/\/www.acapulcopress.com\/index.php\/wp-json\/wp\/v2\/posts\/1234454","targetHints":{"allow":["GET"]}}],"collection":[{"href":"https:\/\/www.acapulcopress.com\/index.php\/wp-json\/wp\/v2\/posts"}],"about":[{"href":"https:\/\/www.acapulcopress.com\/index.php\/wp-json\/wp\/v2\/types\/post"}],"author":[{"embeddable":true,"href":"https:\/\/www.acapulcopress.com\/index.php\/wp-json\/wp\/v2\/users\/2"}],"replies":[{"embeddable":true,"href":"https:\/\/www.acapulcopress.com\/index.php\/wp-json\/wp\/v2\/comments?post=1234454"}],"version-history":[{"count":0,"href":"https:\/\/www.acapulcopress.com\/index.php\/wp-json\/wp\/v2\/posts\/1234454\/revisions"}],"wp:featuredmedia":[{"embeddable":true,"href":"https:\/\/www.acapulcopress.com\/index.php\/wp-json\/"}],"wp:attachment":[{"href":"https:\/\/www.acapulcopress.com\/index.php\/wp-json\/wp\/v2\/media?parent=1234454"}],"wp:term":[{"taxonomy":"category","embeddable":true,"href":"https:\/\/www.acapulcopress.com\/index.php\/wp-json\/wp\/v2\/categories?post=1234454"},{"taxonomy":"post_tag","embeddable":true,"href":"https:\/\/www.acapulcopress.com\/index.php\/wp-json\/wp\/v2\/tags?post=1234454"}],"curies":[{"name":"wp","href":"https:\/\/api.w.org\/{rel}","templated":true}]}}