{"id":1234517,"date":"2021-11-12T22:27:40","date_gmt":"2021-11-13T04:27:40","guid":{"rendered":"https:\/\/www.acapulco.press\/?p=1234517"},"modified":"2021-11-12T22:27:40","modified_gmt":"2021-11-13T04:27:40","slug":"magisterio-de-costa-grande-con-el-proyecto-incluyente-de-adela-hernandez","status":"publish","type":"post","link":"https:\/\/www.acapulcopress.com\/index.php\/2021\/11\/12\/magisterio-de-costa-grande-con-el-proyecto-incluyente-de-adela-hernandez\/","title":{"rendered":"Magisterio de Costa Grande con el proyecto incluyente de Adela Hern\u00e1ndez"},"content":{"rendered":"<p style=\"text-align: justify;\">] COYUCA DE BEN\u00cdEZ. * 12 de noviembre de 2021.<br \/>\n<em>) Interdiario Guerrero.<\/em><\/p>\n<p style=\"text-align: justify;\">Sindicalizados de la combativa secci\u00f3n magisterial XLI del Sindicato \u00danico de Servidores P\u00fablicos del Estado de Guerrero (SUSPEG), una de las primeras que han organizado marchas en Acapulco, Chilpancingo y la Ciudad de M\u00e9xico para protestar en contra de la Reforma Educativa, arroparon el d\u00eda de hoy el proyecto incluyente <img loading=\"lazy\" decoding=\"async\" class=\"alignleft size-medium wp-image-1234521\" src=\"https:\/\/www.acapulco.press\/wp-content\/uploads\/2021\/11\/ADELA-ANGELITO4-375x500.jpg\" alt=\"\" width=\"375\" height=\"500\" \/>de la candidata de la <em>planilla verde<\/em>, Adela Hern\u00e1ndez Angelito, en este municipio puerta de entrada a la Costa Grande.<\/p>\n<p>La maestra Mar\u00eda Holdy de la O Torralba, dio la bienvenida a nombre de sus compa\u00f1eros en las instalaciones de una instituci\u00f3n educativa a la candidata a la Secretaria General del Comit\u00e9 Central Ejecutivo del Suspeg, \u00abnuestra secci\u00f3n no es cualquiera, la secci\u00f3n XLI es de lucha, de las primeras que anduvo en las calles de Acapulco, Chilpancingo y hasta M\u00e9xico, cerrando puentes y carreteras, gritando, justicia al maestro, no a la Reforma Educativa\u00bb, record\u00f3.<\/p>\n<p>Reconoci\u00f3 que hasta el d\u00eda de hoy el nuevo gobierno federal quit\u00f3 la parte punitiva de la citada reforma, pero en el marco de los planes y programas de estudio y de evaluaci\u00f3n docente, la Reforma Educativa sigue vigente, \u00abel Suspeg ha sido v\u00edctima de injusticias, y tristemente los dirigentes han sido callados ante esos atropellos\u00bb, afirm\u00f3.<\/p>\n<p>Por lo anterior, la profesora Mar\u00eda Holdy adelant\u00f3 que el magisterio de esa regi\u00f3n le apostar\u00e1n al proyecto de Hern\u00e1ndez Angelito, \u00abtenemos certeza que una mujer dirigente, no se vender\u00e1 con el gobierno, durante muchos a\u00f1os en el Suspeg, hemos dado l\u00e1stima, pero ya basta, la necesitamos como dirigente del Suspeg\u00bb, dijo entre porras y aplausos.<\/p>\n<p>En su oportunidad, Adela Hern\u00e1ndez, agradeci\u00f3 las muestras de cari\u00f1o y apoyo del sector magisterial, sostuvo que cada d\u00eda m\u00e1s los agremiados quieren un verdadero cambio en el Suspeg, reiter\u00f3 tambi\u00e9n que su proyecto no busca un inter\u00e9s personal, sino colectivo, y que a lo largo de su vida laboral y <img loading=\"lazy\" decoding=\"async\" class=\"alignleft size-medium wp-image-1234520\" src=\"https:\/\/www.acapulco.press\/wp-content\/uploads\/2021\/11\/ADELA-ANGELITO3-375x281.jpg\" alt=\"\" width=\"375\" height=\"281\" \/>profesional, nunca se le ha se\u00f1alado por alg\u00fan acto de corrupci\u00f3n,pues los cargos que ha ostentado, los ha desempe\u00f1ado con mucha responsabilidad, afirm\u00f3.<\/p>\n<p>\u00abAl interior del Comit\u00e9 Central Ejecutivo, hay debilidades, pero las vamos a fortalecer con todo el apoyo de cada uno de ustedes compa\u00f1eros, porque Adela Hern\u00e1ndez no est\u00e1 aqu\u00ed por un beneficio personal, est\u00e1mos aqu\u00ed por un beneficio colectivo\u00bb, expres\u00f3.<\/p>\n<p>Beneficio colectivo que en su propuesta est\u00e1 la de revertir el pasivo del Issspeg y un r\u00e9gimen de pensiones digna para los trabajadores, que hoy laboran en la incertidumbre por esa deuda de m\u00e1s de 927 millones de pesos, deuda que se viene arrastrando de muchos a\u00f1os atr\u00e1s, en que diferentes secretarios generales del Suspeg no le han puesto atenci\u00f3n, puntualiz\u00f3.<\/p>\n<p>A\u00f1adi\u00f3 que despu\u00e9s del 30 de noviembre, fecha de consolidaci\u00f3n de su proyecto, priorizar\u00e1 la reactivaci\u00f3n de la Cl\u00ednica de Detecci\u00f2n y Diagn\u00f3stico Automatizado (CLIDDA), pero ahora de forma gratu\u00edta para todos los suspegistas, donde ya no tendr\u00e1n hacer gastos de transporte, pues todos los costos correr\u00e1n a cargo del Comit\u00e9 Central Ejecutivo.<\/p>\n<p><img loading=\"lazy\" decoding=\"async\" class=\"alignnone wp-image-1234518 \" src=\"https:\/\/www.acapulco.press\/wp-content\/uploads\/2021\/11\/ADELA-ANGELITO.jpg\" alt=\"\" width=\"840\" height=\"630\" \/><\/p>\n","protected":false},"excerpt":{"rendered":"<p>] COYUCA DE BEN\u00cdEZ. * 12 de noviembre de 2021. ) Interdiario Guerrero. Sindicalizados de la combativa secci\u00f3n magisterial XLI del Sindicato \u00danico de Servidores P\u00fablicos del Estado de Guerrero (SUSPEG), una de las primeras que han organizado marchas en Acapulco, Chilpancingo y la Ciudad de M\u00e9xico para protestar en contra de la Reforma Educativa,&#8230;<\/p>\n","protected":false},"author":2,"featured_media":1234519,"comment_status":"closed","ping_status":"closed","sticky":false,"template":"","format":"standard","meta":{"footnotes":""},"categories":[1969,1972,1989],"tags":[3250,16666],"class_list":["post-1234517","post","type-post","status-publish","format-standard","has-post-thumbnail","hentry","category-trending","category-special","category-noticias-generales","tag-adela-hernandez-angelito","tag-sindicato-unico-de-servidores-publicos-del-estado-de-guerrero-suspeg"],"_links":{"self":[{"href":"https:\/\/www.acapulcopress.com\/index.php\/wp-json\/wp\/v2\/posts\/1234517","targetHints":{"allow":["GET"]}}],"collection":[{"href":"https:\/\/www.acapulcopress.com\/index.php\/wp-json\/wp\/v2\/posts"}],"about":[{"href":"https:\/\/www.acapulcopress.com\/index.php\/wp-json\/wp\/v2\/types\/post"}],"author":[{"embeddable":true,"href":"https:\/\/www.acapulcopress.com\/index.php\/wp-json\/wp\/v2\/users\/2"}],"replies":[{"embeddable":true,"href":"https:\/\/www.acapulcopress.com\/index.php\/wp-json\/wp\/v2\/comments?post=1234517"}],"version-history":[{"count":0,"href":"https:\/\/www.acapulcopress.com\/index.php\/wp-json\/wp\/v2\/posts\/1234517\/revisions"}],"wp:featuredmedia":[{"embeddable":true,"href":"https:\/\/www.acapulcopress.com\/index.php\/wp-json\/"}],"wp:attachment":[{"href":"https:\/\/www.acapulcopress.com\/index.php\/wp-json\/wp\/v2\/media?parent=1234517"}],"wp:term":[{"taxonomy":"category","embeddable":true,"href":"https:\/\/www.acapulcopress.com\/index.php\/wp-json\/wp\/v2\/categories?post=1234517"},{"taxonomy":"post_tag","embeddable":true,"href":"https:\/\/www.acapulcopress.com\/index.php\/wp-json\/wp\/v2\/tags?post=1234517"}],"curies":[{"name":"wp","href":"https:\/\/api.w.org\/{rel}","templated":true}]}}