{"id":1234532,"date":"2021-11-12T23:05:49","date_gmt":"2021-11-13T05:05:49","guid":{"rendered":"https:\/\/www.acapulco.press\/?p=1234532"},"modified":"2021-11-12T23:05:49","modified_gmt":"2021-11-13T05:05:49","slug":"bomberos-sofocaron-incendio-de-acabus","status":"publish","type":"post","link":"https:\/\/www.acapulcopress.com\/index.php\/2021\/11\/12\/bomberos-sofocaron-incendio-de-acabus\/","title":{"rendered":"Bomberos sofocaron incendio de Acab\u00fas"},"content":{"rendered":"<p style=\"text-align: justify;\">] ACAPULCO. * 12 de noviembre de 2021.<br \/>\n<em>) Gobierno de Acapulco.<\/em><\/p>\n<p style=\"text-align: justify;\">La coordinaci\u00f3n general de Protecci\u00f3n Civil y Bomberos de Acapulco atendi\u00f3 el reporte del incendio en una unidad de la ruta Coloso, del Servicio Integral de Transporte de la empresa Acab\u00fas, en el Valle de la Sabana.<\/p>\n<p style=\"text-align: justify;\">Aproximadamente a las 7:30 horas, ocho integrantes del cuerpo de bomberos, a bordo de la unidad 27, arribaron al Boulevard L\u00e1zaro C\u00e1rdenas para iniciar los trabajos para controlar el incendio.<\/p>\n<p style=\"text-align: justify;\">Cabe mencionar que se aplicaron los protocolos correspondientes por parte del operador de la unidad del Acab\u00fas y los elementos de la coordinaci\u00f3n sofocaron el incendio.<\/p>\n<p style=\"text-align: justify;\">La unidad se quem\u00f3 en un 80 por ciento y no se reportaron personas lesionadas.<\/p>\n","protected":false},"excerpt":{"rendered":"<p>] ACAPULCO. * 12 de noviembre de 2021. ) Gobierno de Acapulco. La coordinaci\u00f3n general de Protecci\u00f3n Civil y Bomberos de Acapulco atendi\u00f3 el reporte del incendio en una unidad de la ruta Coloso, del Servicio Integral de Transporte de la empresa Acab\u00fas, en el Valle de la Sabana. Aproximadamente a las 7:30 horas, ocho&#8230;<\/p>\n","protected":false},"author":2,"featured_media":1234533,"comment_status":"closed","ping_status":"closed","sticky":false,"template":"","format":"standard","meta":{"footnotes":""},"categories":[1969,2005],"tags":[3128,4811],"class_list":["post-1234532","post","type-post","status-publish","format-standard","has-post-thumbnail","hentry","category-trending","category-seguridad-y-justicia","tag-acabus","tag-bomberos-de-acapulco"],"_links":{"self":[{"href":"https:\/\/www.acapulcopress.com\/index.php\/wp-json\/wp\/v2\/posts\/1234532","targetHints":{"allow":["GET"]}}],"collection":[{"href":"https:\/\/www.acapulcopress.com\/index.php\/wp-json\/wp\/v2\/posts"}],"about":[{"href":"https:\/\/www.acapulcopress.com\/index.php\/wp-json\/wp\/v2\/types\/post"}],"author":[{"embeddable":true,"href":"https:\/\/www.acapulcopress.com\/index.php\/wp-json\/wp\/v2\/users\/2"}],"replies":[{"embeddable":true,"href":"https:\/\/www.acapulcopress.com\/index.php\/wp-json\/wp\/v2\/comments?post=1234532"}],"version-history":[{"count":0,"href":"https:\/\/www.acapulcopress.com\/index.php\/wp-json\/wp\/v2\/posts\/1234532\/revisions"}],"wp:featuredmedia":[{"embeddable":true,"href":"https:\/\/www.acapulcopress.com\/index.php\/wp-json\/"}],"wp:attachment":[{"href":"https:\/\/www.acapulcopress.com\/index.php\/wp-json\/wp\/v2\/media?parent=1234532"}],"wp:term":[{"taxonomy":"category","embeddable":true,"href":"https:\/\/www.acapulcopress.com\/index.php\/wp-json\/wp\/v2\/categories?post=1234532"},{"taxonomy":"post_tag","embeddable":true,"href":"https:\/\/www.acapulcopress.com\/index.php\/wp-json\/wp\/v2\/tags?post=1234532"}],"curies":[{"name":"wp","href":"https:\/\/api.w.org\/{rel}","templated":true}]}}