{"id":1234571,"date":"2021-11-15T18:36:15","date_gmt":"2021-11-16T00:36:15","guid":{"rendered":"https:\/\/www.acapulco.press\/?p=1234571"},"modified":"2021-11-15T18:36:15","modified_gmt":"2021-11-16T00:36:15","slug":"artesanas-guerrerenses-destacan-en-concurso-nacional-de-nacimientos","status":"publish","type":"post","link":"https:\/\/www.acapulcopress.com\/index.php\/2021\/11\/15\/artesanas-guerrerenses-destacan-en-concurso-nacional-de-nacimientos\/","title":{"rendered":"Artesanas guerrerenses destacan en Concurso Nacional de Nacimientos"},"content":{"rendered":"<p><img loading=\"lazy\" decoding=\"async\" class=\"alignnone wp-image-1234572 \" src=\"https:\/\/www.acapulco.press\/wp-content\/uploads\/2021\/11\/GUERERO-ARTESANIA.jpg\" alt=\"\" width=\"840\" height=\"473\" \/><br \/>\nCHILPANCINGO. * 15 de noviembre de 2021.<br \/>\n<em>) Gobierno de Guerrero.<\/em><\/p>\n<p style=\"text-align: justify;\">Gracias a su creatividad y talento artesanas y artesanos guerrerenses de los municipios de Olinal\u00e1 y Tepecoacuilco de Trujano, obtuvieron dos primeros lugares, tres segundos, un tercer lugar, as\u00ed como una menci\u00f3n honor\u00edfica durante su participaci\u00f3n en la \u00abXXV Edici\u00f3n del Concurso Nacional de Nacimientos Mexicanos 2021\u201d, organizado por la Secretar\u00eda de Cultura del Gobierno de M\u00e9xico a trav\u00e9s del Fondo Nacional para el Fomento de las Artesan\u00edas (Fonart) y Fomento Cultural Citibanamex, el cual tuvo como sede las instalaciones del Museo, Templo y Ex convento de Nuestra Se\u00f1ora del Carmen, en la Ciudad de M\u00e9xico.<\/p>\n<p><img loading=\"lazy\" decoding=\"async\" class=\"alignnone wp-image-1234575 \" src=\"https:\/\/www.acapulco.press\/wp-content\/uploads\/2021\/11\/GUERERO-ARTESANIA4.jpg\" alt=\"\" width=\"849\" height=\"1507\" \/><\/p>\n<p><img loading=\"lazy\" decoding=\"async\" class=\"alignnone wp-image-1234574\" src=\"https:\/\/www.acapulco.press\/wp-content\/uploads\/2021\/11\/GUERERO-ARTESANIA3.jpg\" alt=\"\" width=\"840\" height=\"1491\" \/><\/p>\n","protected":false},"excerpt":{"rendered":"<p>CHILPANCINGO. * 15 de noviembre de 2021. ) Gobierno de Guerrero. Gracias a su creatividad y talento artesanas y artesanos guerrerenses de los municipios de Olinal\u00e1 y Tepecoacuilco de Trujano, obtuvieron dos primeros lugares, tres segundos, un tercer lugar, as\u00ed como una menci\u00f3n honor\u00edfica durante su participaci\u00f3n en la \u00abXXV Edici\u00f3n del Concurso Nacional de&#8230;<\/p>\n","protected":false},"author":2,"featured_media":1234573,"comment_status":"closed","ping_status":"closed","sticky":false,"template":"","format":"standard","meta":{"footnotes":""},"categories":[1972,2058,1988],"tags":[8744,8790,9302,18188],"class_list":["post-1234571","post","type-post","status-publish","format-standard","has-post-thumbnail","hentry","category-special","category-festivales-y-tradiciones","category-lifestyles","tag-fomento-cultural-citibanamex","tag-fondo-nacional-para-el-fomento-de-las-artesanias-fonart","tag-gobierno-de-guerrero","tag-xxv-edicion-del-concurso-nacional-de-nacimientos-mexicanos-2021"],"_links":{"self":[{"href":"https:\/\/www.acapulcopress.com\/index.php\/wp-json\/wp\/v2\/posts\/1234571","targetHints":{"allow":["GET"]}}],"collection":[{"href":"https:\/\/www.acapulcopress.com\/index.php\/wp-json\/wp\/v2\/posts"}],"about":[{"href":"https:\/\/www.acapulcopress.com\/index.php\/wp-json\/wp\/v2\/types\/post"}],"author":[{"embeddable":true,"href":"https:\/\/www.acapulcopress.com\/index.php\/wp-json\/wp\/v2\/users\/2"}],"replies":[{"embeddable":true,"href":"https:\/\/www.acapulcopress.com\/index.php\/wp-json\/wp\/v2\/comments?post=1234571"}],"version-history":[{"count":0,"href":"https:\/\/www.acapulcopress.com\/index.php\/wp-json\/wp\/v2\/posts\/1234571\/revisions"}],"wp:featuredmedia":[{"embeddable":true,"href":"https:\/\/www.acapulcopress.com\/index.php\/wp-json\/"}],"wp:attachment":[{"href":"https:\/\/www.acapulcopress.com\/index.php\/wp-json\/wp\/v2\/media?parent=1234571"}],"wp:term":[{"taxonomy":"category","embeddable":true,"href":"https:\/\/www.acapulcopress.com\/index.php\/wp-json\/wp\/v2\/categories?post=1234571"},{"taxonomy":"post_tag","embeddable":true,"href":"https:\/\/www.acapulcopress.com\/index.php\/wp-json\/wp\/v2\/tags?post=1234571"}],"curies":[{"name":"wp","href":"https:\/\/api.w.org\/{rel}","templated":true}]}}