{"id":1234580,"date":"2021-11-15T18:48:23","date_gmt":"2021-11-16T00:48:23","guid":{"rendered":"https:\/\/www.acapulco.press\/?p=1234580"},"modified":"2021-11-15T18:48:23","modified_gmt":"2021-11-16T00:48:23","slug":"recorre-secretario-de-educacion-escuelas-de-acapulco","status":"publish","type":"post","link":"https:\/\/www.acapulcopress.com\/index.php\/2021\/11\/15\/recorre-secretario-de-educacion-escuelas-de-acapulco\/","title":{"rendered":"Recorre secretario de Educaci\u00f3n escuelas de Acapulco"},"content":{"rendered":"<p style=\"text-align: justify;\"><img loading=\"lazy\" decoding=\"async\" class=\"alignnone wp-image-1234581 size-large\" src=\"https:\/\/www.acapulco.press\/wp-content\/uploads\/2021\/11\/marcial-acapulco-2-840x444.jpg\" alt=\"\" width=\"840\" height=\"444\" \/><\/p>\n<p>] ACAPULCO. * 15 de noviembre de 2021.<br \/>\n<em>) SEG.<\/em><\/p>\n<p style=\"text-align: justify;\"><img loading=\"lazy\" decoding=\"async\" class=\"alignleft size-medium wp-image-1234582\" src=\"https:\/\/www.acapulco.press\/wp-content\/uploads\/2021\/11\/marcial-acapulco-3-375x228.jpg\" alt=\"\" width=\"375\" height=\"228\" \/>El secretario de Educaci\u00f3n en Guerrero, Dr. Marcial Rodr\u00edguez Salda\u00f1a. visit\u00f3 las escuelas primarias \u00abIgnacio Zaragoza\u00bb, \u00abArt\u00edculo 123\u00bb, y la Secundaria T\u00e9cnica 152 \u00abAcapulco Diamante\u00bb, ubicadas en las colonias La Poza, Miramar y la Unidad Habitacional El Coloso, respectivamente. donde dialog\u00f3 con padres de familia, docentes y personal directivo.<\/p>\n<p style=\"text-align: justify;\">Rodr\u00edguez Salda\u00f1a les expuso que, por indicaciones de la Gobernadora Evelyn Salgado Pineda, la Secretar\u00eda de Educaci\u00f3n Guerrero (SEG) mantendr\u00e1n una pol\u00edtica de di\u00e1logo permanente con todos ellos para atender sus demandas.<\/p>\n<p style=\"text-align: justify;\">Acompa\u00f1aron al titular de la SEG en el recorrido el subsecretario de Administraci\u00f3n y Finanzas, Mtro. Alejandro Moreno Lira; la directora general de Servicios Regionales, Mtra. Mayt\u00e9 Piza Rodr\u00edguez; la directora de Personal, Mtra. Rosa Isela Xinol Adame, y la nueva delegada regional en Acapulco, Mtra. Martha Rosio Carachure Bustos.<\/p>\n<p><img loading=\"lazy\" decoding=\"async\" class=\"alignnone wp-image-1234583 size-large\" src=\"https:\/\/www.acapulco.press\/wp-content\/uploads\/2021\/11\/marcial-acapulco-840x428.jpg\" alt=\"\" width=\"840\" height=\"428\" \/><\/p>\n<p style=\"text-align: justify;\">\n","protected":false},"excerpt":{"rendered":"<p>] ACAPULCO. * 15 de noviembre de 2021. ) SEG. El secretario de Educaci\u00f3n en Guerrero, Dr. Marcial Rodr\u00edguez Salda\u00f1a. visit\u00f3 las escuelas primarias \u00abIgnacio Zaragoza\u00bb, \u00abArt\u00edculo 123\u00bb, y la Secundaria T\u00e9cnica 152 \u00abAcapulco Diamante\u00bb, ubicadas en las colonias La Poza, Miramar y la Unidad Habitacional El Coloso, respectivamente. donde dialog\u00f3 con padres de familia,&#8230;<\/p>\n","protected":false},"author":2,"featured_media":1234582,"comment_status":"closed","ping_status":"closed","sticky":false,"template":"","format":"standard","meta":{"footnotes":""},"categories":[1969,2081],"tags":[12457,16169,16362],"class_list":["post-1234580","post","type-post","status-publish","format-standard","has-post-thumbnail","hentry","category-trending","category-seg","tag-marcial-rodriguez-saldana","tag-secretaria-de-educacion-guerrero-seg","tag-seg"],"_links":{"self":[{"href":"https:\/\/www.acapulcopress.com\/index.php\/wp-json\/wp\/v2\/posts\/1234580","targetHints":{"allow":["GET"]}}],"collection":[{"href":"https:\/\/www.acapulcopress.com\/index.php\/wp-json\/wp\/v2\/posts"}],"about":[{"href":"https:\/\/www.acapulcopress.com\/index.php\/wp-json\/wp\/v2\/types\/post"}],"author":[{"embeddable":true,"href":"https:\/\/www.acapulcopress.com\/index.php\/wp-json\/wp\/v2\/users\/2"}],"replies":[{"embeddable":true,"href":"https:\/\/www.acapulcopress.com\/index.php\/wp-json\/wp\/v2\/comments?post=1234580"}],"version-history":[{"count":0,"href":"https:\/\/www.acapulcopress.com\/index.php\/wp-json\/wp\/v2\/posts\/1234580\/revisions"}],"wp:featuredmedia":[{"embeddable":true,"href":"https:\/\/www.acapulcopress.com\/index.php\/wp-json\/"}],"wp:attachment":[{"href":"https:\/\/www.acapulcopress.com\/index.php\/wp-json\/wp\/v2\/media?parent=1234580"}],"wp:term":[{"taxonomy":"category","embeddable":true,"href":"https:\/\/www.acapulcopress.com\/index.php\/wp-json\/wp\/v2\/categories?post=1234580"},{"taxonomy":"post_tag","embeddable":true,"href":"https:\/\/www.acapulcopress.com\/index.php\/wp-json\/wp\/v2\/tags?post=1234580"}],"curies":[{"name":"wp","href":"https:\/\/api.w.org\/{rel}","templated":true}]}}