{"id":1234605,"date":"2021-11-15T19:41:36","date_gmt":"2021-11-16T01:41:36","guid":{"rendered":"https:\/\/www.acapulco.press\/?p=1234605"},"modified":"2021-11-15T19:41:36","modified_gmt":"2021-11-16T01:41:36","slug":"myanmar-libera-indulta-y-expulsal-a-un-periodista-estadounidense","status":"publish","type":"post","link":"https:\/\/www.acapulcopress.com\/index.php\/2021\/11\/15\/myanmar-libera-indulta-y-expulsal-a-un-periodista-estadounidense\/","title":{"rendered":"Myanmar libera, indulta y expulsal a un periodista estadounidense"},"content":{"rendered":"<p style=\"text-align: justify;\">] MYANMAR. * 15 de noviembre de 2021.<br \/>\n<em>) <a href=\"https:\/\/www.telam.com.ar\/notas\/202111\/574908-myanmar-periodista-eeuu.html\" target=\"_blank\" rel=\"noopener\">T\u00e9lam<\/a>.<\/em><\/p>\n<p style=\"text-align: justify;\">El periodista estadounidense Danny Fenster, detenido en Myanmar desde mayo, fue indultado, liberado y expulsado del pa\u00eds este lunes, en v\u00edsperas de un juicio en el que arriesgaba una condena de cadena perpetua, lo que fue festejado por Estados Unidos.<\/p>\n<p style=\"text-align: justify;\">Fenster fue indultado antes de su liberaci\u00f3n por \u00abrazones humanitarias\u00bb, luego de negociaciones con el exdiplom\u00e1tico estadounidense Bill Richardson y dos enviados japoneses, se\u00f1al\u00f3 la junta militar del pa\u00eds asi\u00e1tico en un comunicado.<\/p>\n<p style=\"text-align: justify;\">Su liberaci\u00f3n se logr\u00f3 mediante \u00abnegociaciones cara a cara\u00bb entre el jefe de la junta, Min Aung Hlaing, y Richardson, indic\u00f3 la oficina de este \u00faltimo en un comunicado.<\/p>\n<p style=\"text-align: justify;\">Ambos viajan hacia Estados Unidos \u00abv\u00eda Qatar, durante d\u00eda y medio\u00bb, agreg\u00f3.<\/p>\n<p style=\"text-align: justify;\">\u00abFui detenido y mantenido en cautiverio sin ninguna raz\u00f3n, pero f\u00edsicamente estaba sano. No sufr\u00ed hambre ni golpes\u00bb, detall\u00f3 Fenster a la prensa tras llegar a Doha, capital de Qatar.<\/p>\n<p style=\"text-align: justify;\"><img loading=\"lazy\" decoding=\"async\" class=\"alignleft size-medium wp-image-1234607\" src=\"https:\/\/www.acapulco.press\/wp-content\/uploads\/2021\/11\/SAVE-MYAMAR-375x211.jpg\" alt=\"\" width=\"375\" height=\"211\" \/>La Casa Blanca y el Departamento de Estado estadounidense saludaron su liberaci\u00f3n, inform\u00f3 la agencia de noticias AFP.<\/p>\n<p style=\"text-align: justify;\">Fenster, de 37 a\u00f1os, fue el primer periodista occidental detenido en muchos a\u00f1os en Myanmar, donde los militares tomaron el poder en febrero derrocando al gobierno civil dirigido por la premio Nobel de la Paz Aung San Suu Kyi.<\/p>\n<p style=\"text-align: justify;\">El reportero del medio Frontier Myanmar hab\u00eda sido condenado el viernes pasado a 11 a\u00f1os de detenci\u00f3n por incitaci\u00f3n a la disidencia, asociaci\u00f3n ilegal y vulneraci\u00f3n de la ley sobre los visados.<\/p>\n<p style=\"text-align: justify;\">El martes deb\u00eda comparecer ante un tribunal por cargos de \u00abterrorismo y sedici\u00f3n\u00bb, que pod\u00edan acarrearle prisi\u00f3n perpetua.<\/p>\n<p style=\"text-align: justify;\">Fenster trabajaba para Frontier Myanmar desde mediados de 2020 y cubri\u00f3 el golpe militar y la posterior represi\u00f3n contra la disidencia.<\/p>\n<p style=\"text-align: justify;\">En el momento de su arresto, en el aeropuerto internacional de Rang\u00fan el 24 de mayo, se dispon\u00eda a tomar un avi\u00f3n para partir del pa\u00eds.<\/p>\n<p style=\"text-align: justify;\">Encarcelado 176 d\u00edas, contrajo coronavirus durante su detenci\u00f3n, se\u00f1alaron miembros de su familia en una conferencia telef\u00f3nica con periodistas estadounidenses, en agosto pasado.<\/p>\n<p style=\"text-align: justify;\">Myanmar se hundi\u00f3 en el caos el 1 de febrero, con un golpe de Estado que puso fin a un par\u00e9ntesis democr\u00e1tico de una d\u00e9cada.<\/p>\n<p style=\"text-align: justify;\">El r\u00e9gimen impuso una sangrienta represi\u00f3n a sus opositores, con un saldo de m\u00e1s de 1.200 civiles muertos y no menos de 7.000 detenidos, de acuerdo a la Asociaci\u00f3n de Asistencia a Prisioneros Pol\u00edticos (AAPP), ONG local que ha denunciado casos de torturas, violaci\u00f3n y ejecuciones extrajudiciales.<\/p>\n<p style=\"text-align: justify;\">La prensa se encuentra amordazada por la junta, que limita el acceso a Internet y cancel\u00f3 las licencias brindadas a los medios de comunicaci\u00f3n.<\/p>\n<p style=\"text-align: justify;\">M\u00e1s de 100 periodistas fueron arrestados desde que ocurri\u00f3 el golpe de Estado, seg\u00fan Reporting Asean, asociaci\u00f3n de defensa de la libertad de prensa, que denunci\u00f3 que 31 de ellos siguen detenidos.<\/p>\n<p style=\"text-align: justify;\">Por su parte, Suu Kyi, de 76 a\u00f1os, es actualmente enjuiciada por varios cargos que pueden significarle d\u00e9cadas de prisi\u00f3n.<\/p>\n<p><code><\/code><\/p>\n<blockquote class=\"twitter-tweet\">\n<p dir=\"ltr\" lang=\"es\"><a href=\"https:\/\/twitter.com\/hashtag\/Mundo?src=hash&amp;ref_src=twsrc%5Etfw\">#Mundo<\/a> | Liberaron al periodista Danny Fenster luego de ser condenado a 11 a\u00f1os de prisi\u00f3n <a href=\"https:\/\/t.co\/lSMm9wpSLk\">https:\/\/t.co\/lSMm9wpSLk<\/a><\/p>\n<p>\u2014 VPItv (@VPITV) <a href=\"https:\/\/twitter.com\/VPITV\/status\/1460334297152434190?ref_src=twsrc%5Etfw\">November 15, 2021<\/a><\/p><\/blockquote>\n<p><script async src=\"https:\/\/platform.twitter.com\/widgets.js\" charset=\"utf-8\"><\/script><\/p>\n","protected":false},"excerpt":{"rendered":"<p>] MYANMAR. * 15 de noviembre de 2021. ) T\u00e9lam. El periodista estadounidense Danny Fenster, detenido en Myanmar desde mayo, fue indultado, liberado y expulsado del pa\u00eds este lunes, en v\u00edsperas de un juicio en el que arriesgaba una condena de cadena perpetua, lo que fue festejado por Estados Unidos. Fenster fue indultado antes de&#8230;<\/p>\n","protected":false},"author":2,"featured_media":1234606,"comment_status":"closed","ping_status":"closed","sticky":false,"template":"","format":"standard","meta":{"footnotes":""},"categories":[18570,1991],"tags":[6940],"class_list":["post-1234605","post","type-post","status-publish","format-standard","has-post-thumbnail","hentry","category-noticias-especiales","category-libertad-de-expresion","tag-danny-fenster"],"_links":{"self":[{"href":"https:\/\/www.acapulcopress.com\/index.php\/wp-json\/wp\/v2\/posts\/1234605","targetHints":{"allow":["GET"]}}],"collection":[{"href":"https:\/\/www.acapulcopress.com\/index.php\/wp-json\/wp\/v2\/posts"}],"about":[{"href":"https:\/\/www.acapulcopress.com\/index.php\/wp-json\/wp\/v2\/types\/post"}],"author":[{"embeddable":true,"href":"https:\/\/www.acapulcopress.com\/index.php\/wp-json\/wp\/v2\/users\/2"}],"replies":[{"embeddable":true,"href":"https:\/\/www.acapulcopress.com\/index.php\/wp-json\/wp\/v2\/comments?post=1234605"}],"version-history":[{"count":0,"href":"https:\/\/www.acapulcopress.com\/index.php\/wp-json\/wp\/v2\/posts\/1234605\/revisions"}],"wp:featuredmedia":[{"embeddable":true,"href":"https:\/\/www.acapulcopress.com\/index.php\/wp-json\/"}],"wp:attachment":[{"href":"https:\/\/www.acapulcopress.com\/index.php\/wp-json\/wp\/v2\/media?parent=1234605"}],"wp:term":[{"taxonomy":"category","embeddable":true,"href":"https:\/\/www.acapulcopress.com\/index.php\/wp-json\/wp\/v2\/categories?post=1234605"},{"taxonomy":"post_tag","embeddable":true,"href":"https:\/\/www.acapulcopress.com\/index.php\/wp-json\/wp\/v2\/tags?post=1234605"}],"curies":[{"name":"wp","href":"https:\/\/api.w.org\/{rel}","templated":true}]}}