{"id":1234619,"date":"2021-11-15T20:21:07","date_gmt":"2021-11-16T02:21:07","guid":{"rendered":"https:\/\/www.acapulco.press\/?p=1234619"},"modified":"2021-11-15T20:21:07","modified_gmt":"2021-11-16T02:21:07","slug":"austria-confina-a-los-no-vacunados","status":"publish","type":"post","link":"https:\/\/www.acapulcopress.com\/index.php\/2021\/11\/15\/austria-confina-a-los-no-vacunados\/","title":{"rendered":"Austria confina a los no vacunados"},"content":{"rendered":"<p style=\"text-align: justify;\">] VIENA. * 15 de noviembre de 2021.<br \/>\n<em>) <a href=\"https:\/\/www.telam.com.ar\/notas\/202111\/574898-austria-confina-a-los-no-vacunados-en-medio-de-fuerte-avance-de-coronavirus.html\" target=\"_blank\" rel=\"noopener\">T\u00e9lam<\/a>.<\/em><\/p>\n<p style=\"text-align: justify;\">El Gobierno de Austria adopt\u00f3 este lunes un bloqueo a nivel nacional para las personas no vacunadas que no tuvieron coronavirus, una medida que el jefe de Gobierno, el canciller Alexander Schallenberg, tild\u00f3 de un \u00abpaso dr\u00e1stico\u00bb pero necesario, y que se da a la par de una serie de medidas que comenzaron a implementar los pa\u00edses europeos en un esfuerzo por contener la r\u00e1pida propagaci\u00f3n de la enfermedad.<\/p>\n<p style=\"text-align: justify;\">La medida, que entr\u00f3 en vigor a la medianoche y es in\u00e9dita en la Uni\u00f3n Europea (UE), proh\u00edbe abandonar sus hogares a todas aquellas personas de 12 a\u00f1os o m\u00e1s que no hayan sido vacunadas o que no se hayan recuperado recientemente del coronavirus.<\/p>\n<p style=\"text-align: justify;\">Sin embargo, pueden salir de sus domicilios para realizar actividades b\u00e1sicas como trabajar, ir de compras, ir a la escuela o la universidad o dar un paseo.<\/p>\n<p style=\"text-align: justify;\">Adem\u00e1s, no se aplica a los menores de 12 a\u00f1os, porque a\u00fan no pueden vacunarse oficialmente, aunque la capital, Viena, inici\u00f3 hoy la vacunaci\u00f3n para este grupo etario como parte de un proyecto piloto y report\u00f3 una alta demanda.<\/p>\n<p style=\"text-align: justify;\">La restricci\u00f3n para no vacunados y quienes no cursaron a\u00fan la enfermedad est\u00e1 programada inicialmente por diez d\u00edas, hasta el 24 de noviembre.<\/p>\n<p style=\"text-align: justify;\">Las autoridades dicen que se intensificar\u00e1n los controles policiales en las calles y quienes violen la medida pueden ser multadas con hasta 1.660 d\u00f3lares.<\/p>\n<p style=\"text-align: justify;\">\u00abRealmente no tomamos este paso a la ligera y no creo que deba ser menospreciado\u00bb, asegur\u00f3 el canciller Schallenberg, inform\u00f3 la agencia de noticias estatal austr\u00edaca APA.<\/p>\n<p style=\"text-align: justify;\">\u201cEste es un paso dram\u00e1tico: alrededor de 2 millones de personas en este pa\u00eds se ven afectadas. Lo que estamos intentando es precisamente reducir al m\u00ednimo el contacto entre no vacunados y vacunados, y tambi\u00e9n entre los no vacunados\u00bb, agreg\u00f3.<\/p>\n<p style=\"text-align: justify;\">\u201cMi objetivo es muy claramente lograr que los no vacunados se vacunen y no bloquear a los vacunados. Estamos pasando de una ola a otra y eso no puede continuar ad infinitum\u201d, enfatiz\u00f3 Schallenberg.<\/p>\n<p style=\"text-align: justify;\">En Austria, alrededor del 65% de la poblaci\u00f3n tiene la pauta de vacunaci\u00f3n completa, una tasa que el canciller describi\u00f3 d\u00edas atr\u00e1s como \u00abvergonzosamente baja\u00bb.<\/p>\n<p style=\"text-align: justify;\">Todos los estudiantes en las escuelas, est\u00e9n vacunados o no, ahora deben realizarse tres testeos de coronavirus por semana, y al menos una de ellas debe ser una prueba de PCR.<\/p>\n<p style=\"text-align: justify;\">En tanto, Herbert Kickl, l\u00edder del opositor Partido de la Libertad, de extrema derecha, prometi\u00f3 combatir las nuevas restricciones con \u00abtodos los medios parlamentarios y legales que haya disponibles\u00bb.<\/p>\n<p style=\"text-align: justify;\">El pa\u00eds alpino de 8,9 millones de habitantes experiment\u00f3 en las \u00faltimas semanas un abrupto incremento de contagios de la Covid-19 y, en consecuencia, una mayor presi\u00f3n sobre los hospitales.<\/p>\n<p style=\"text-align: justify;\">Austria inform\u00f3 hoy 894,3 nuevos casos por cada 100.000 habitantes durante los siete d\u00edas anteriores, una tasa o \u00abincidencia\u00bb mucho mayor que la vecina Alemania, que tiene 303 nuevos casos por cada 100.000 habitantes y est\u00e1 altamente preocupada.<\/p>\n<p style=\"text-align: justify;\">El ministro de Salud, Wolfgang Mueckstein, anticip\u00f3, por su parte, que quiere discutir m\u00e1s restricciones sobre el coronavirus el mi\u00e9rcoles pr\u00f3ximo, y anunci\u00f3 que una propuesta es limitar las salidas nocturnas, pero esta medida tambi\u00e9n se aplicar\u00eda a los vacunados.<\/p>\n<p style=\"text-align: justify;\">Pero Schallenberg parec\u00eda m\u00e1s cauteloso.<\/p>\n<p style=\"text-align: justify;\">\u201cPor supuesto que no descarto agudizar\u201d las medidas, expres\u00f3 el canciller, aunque precis\u00f3 que no espera restricciones en bares y salones bailables en la actualidad.<\/p>\n","protected":false},"excerpt":{"rendered":"<p>] VIENA. * 15 de noviembre de 2021. ) T\u00e9lam. El Gobierno de Austria adopt\u00f3 este lunes un bloqueo a nivel nacional para las personas no vacunadas que no tuvieron coronavirus, una medida que el jefe de Gobierno, el canciller Alexander Schallenberg, tild\u00f3 de un \u00abpaso dr\u00e1stico\u00bb pero necesario, y que se da a la&#8230;<\/p>\n","protected":false},"author":2,"featured_media":1234620,"comment_status":"closed","ping_status":"closed","sticky":false,"template":"","format":"standard","meta":{"footnotes":""},"categories":[1969,2020],"tags":[6701],"class_list":["post-1234619","post","type-post","status-publish","format-standard","has-post-thumbnail","hentry","category-trending","category-world-news","tag-covid-19"],"_links":{"self":[{"href":"https:\/\/www.acapulcopress.com\/index.php\/wp-json\/wp\/v2\/posts\/1234619","targetHints":{"allow":["GET"]}}],"collection":[{"href":"https:\/\/www.acapulcopress.com\/index.php\/wp-json\/wp\/v2\/posts"}],"about":[{"href":"https:\/\/www.acapulcopress.com\/index.php\/wp-json\/wp\/v2\/types\/post"}],"author":[{"embeddable":true,"href":"https:\/\/www.acapulcopress.com\/index.php\/wp-json\/wp\/v2\/users\/2"}],"replies":[{"embeddable":true,"href":"https:\/\/www.acapulcopress.com\/index.php\/wp-json\/wp\/v2\/comments?post=1234619"}],"version-history":[{"count":0,"href":"https:\/\/www.acapulcopress.com\/index.php\/wp-json\/wp\/v2\/posts\/1234619\/revisions"}],"wp:featuredmedia":[{"embeddable":true,"href":"https:\/\/www.acapulcopress.com\/index.php\/wp-json\/"}],"wp:attachment":[{"href":"https:\/\/www.acapulcopress.com\/index.php\/wp-json\/wp\/v2\/media?parent=1234619"}],"wp:term":[{"taxonomy":"category","embeddable":true,"href":"https:\/\/www.acapulcopress.com\/index.php\/wp-json\/wp\/v2\/categories?post=1234619"},{"taxonomy":"post_tag","embeddable":true,"href":"https:\/\/www.acapulcopress.com\/index.php\/wp-json\/wp\/v2\/tags?post=1234619"}],"curies":[{"name":"wp","href":"https:\/\/api.w.org\/{rel}","templated":true}]}}