{"id":1234625,"date":"2021-11-16T17:16:22","date_gmt":"2021-11-16T23:16:22","guid":{"rendered":"https:\/\/www.acapulco.press\/?p=1234625"},"modified":"2021-11-16T17:16:22","modified_gmt":"2021-11-16T23:16:22","slug":"senador-anorve-ratifica-ante-fgr-denuncia-por-audios-y-videos-editados-en-su-contra","status":"publish","type":"post","link":"https:\/\/www.acapulcopress.com\/index.php\/2021\/11\/16\/senador-anorve-ratifica-ante-fgr-denuncia-por-audios-y-videos-editados-en-su-contra\/","title":{"rendered":"Senador A\u00f1orve ratifica ante FGR denuncia por audios y videos editados en su contra\u00a0"},"content":{"rendered":"<p style=\"text-align: justify;\">] ACAPULCO. * 16 de noviembre de 2021.<br \/>\n<em>) Especial.<\/em><\/p>\n<p style=\"text-align: justify;\">El Senador de la Rep\u00fablica Manuel A\u00f1orve Ba\u00f1os acudi\u00f3 a la Delegaci\u00f3n Acapulco de la Fiscal\u00eda General de la Rep\u00fablica, para comparecer y ratificar su denuncia, y ampliar declaraciones por la manipulaci\u00f3n y difusi\u00f3n de audios y v\u00eddeos utilizados como guerra sucia en su contra.<\/p>\n<p style=\"text-align: justify;\">Este proceso contin\u00faa por medio de la carpeta de investigaci\u00f3n FED\/GRO\/ACAP\/0001215\/2021, la cual presenta avances importantes en el caso que permitir\u00e1n dar con \u00e9l o los responsables de la manipulci\u00f3n y difusi\u00f3n de dicho material multimedia, dijo.<\/p>\n<p>A\u00f1orve Ba\u00f1os adelant\u00f3 que ma\u00f1ana por la tarde estar\u00e1 en la Ciudad de M\u00e9xico para ser recibido por autoridades de la FGR y la Polic\u00eda Cibern\u00e9tica para conocer m\u00e1s avances de la investigaci\u00f3n.<\/p>\n<p style=\"text-align: justify;\">El senado guerrerenses manifest\u00f3 que acud\u00edir\u00e1 a comparecer como ciudadano; sin embargo, complement\u00f3 que ser\u00eda irresponsable se\u00f1alar a determinados culpables, por ello su denuncia la hizo \u00abcontra quien o quienes resulten responsables\u00bb.<\/p>\n<p style=\"text-align: justify;\">Manuel A\u00f1orve hizo un reconocimiento al Fiscal General de la Rep\u00fablica, Alejandro Gertz Manero, y al personal de la Fiscal\u00eda por el seguimiento que se le da a la investigaci\u00f3n. As\u00ed mismo, manifest\u00f3 su confianza en el poder de la denuncia y en la eficiencia de las autoridades para hacer justicia y castigar a los culpables.<\/p>\n<p style=\"text-align: justify;\">\n","protected":false},"excerpt":{"rendered":"<p>] ACAPULCO. * 16 de noviembre de 2021. ) Especial. El Senador de la Rep\u00fablica Manuel A\u00f1orve Ba\u00f1os acudi\u00f3 a la Delegaci\u00f3n Acapulco de la Fiscal\u00eda General de la Rep\u00fablica, para comparecer y ratificar su denuncia, y ampliar declaraciones por la manipulaci\u00f3n y difusi\u00f3n de audios y v\u00eddeos utilizados como guerra sucia en su contra&#8230;.<\/p>\n","protected":false},"author":2,"featured_media":1234626,"comment_status":"closed","ping_status":"closed","sticky":false,"template":"","format":"standard","meta":{"footnotes":""},"categories":[1969,1972,1989],"tags":[6374,8691,12366,16471],"class_list":["post-1234625","post","type-post","status-publish","format-standard","has-post-thumbnail","hentry","category-trending","category-special","category-noticias-generales","tag-congreso-de-la-union","tag-fiscalia-general-de-la-republica-fgr","tag-manuel-anorve-banos","tag-senado-de-la-republica"],"_links":{"self":[{"href":"https:\/\/www.acapulcopress.com\/index.php\/wp-json\/wp\/v2\/posts\/1234625","targetHints":{"allow":["GET"]}}],"collection":[{"href":"https:\/\/www.acapulcopress.com\/index.php\/wp-json\/wp\/v2\/posts"}],"about":[{"href":"https:\/\/www.acapulcopress.com\/index.php\/wp-json\/wp\/v2\/types\/post"}],"author":[{"embeddable":true,"href":"https:\/\/www.acapulcopress.com\/index.php\/wp-json\/wp\/v2\/users\/2"}],"replies":[{"embeddable":true,"href":"https:\/\/www.acapulcopress.com\/index.php\/wp-json\/wp\/v2\/comments?post=1234625"}],"version-history":[{"count":0,"href":"https:\/\/www.acapulcopress.com\/index.php\/wp-json\/wp\/v2\/posts\/1234625\/revisions"}],"wp:featuredmedia":[{"embeddable":true,"href":"https:\/\/www.acapulcopress.com\/index.php\/wp-json\/"}],"wp:attachment":[{"href":"https:\/\/www.acapulcopress.com\/index.php\/wp-json\/wp\/v2\/media?parent=1234625"}],"wp:term":[{"taxonomy":"category","embeddable":true,"href":"https:\/\/www.acapulcopress.com\/index.php\/wp-json\/wp\/v2\/categories?post=1234625"},{"taxonomy":"post_tag","embeddable":true,"href":"https:\/\/www.acapulcopress.com\/index.php\/wp-json\/wp\/v2\/tags?post=1234625"}],"curies":[{"name":"wp","href":"https:\/\/api.w.org\/{rel}","templated":true}]}}