{"id":1234641,"date":"2021-11-16T19:49:52","date_gmt":"2021-11-17T01:49:52","guid":{"rendered":"https:\/\/www.acapulco.press\/?p=1234641"},"modified":"2021-11-16T19:49:52","modified_gmt":"2021-11-17T01:49:52","slug":"aun-no-hay-autorizacion-para-el-aumento-del-transporte-colectivo-salinas","status":"publish","type":"post","link":"https:\/\/www.acapulcopress.com\/index.php\/2021\/11\/16\/aun-no-hay-autorizacion-para-el-aumento-del-transporte-colectivo-salinas\/","title":{"rendered":"A\u00fan no hay autorizaci\u00f3n para el aumento del transporte colectivo | Salinas"},"content":{"rendered":"<p style=\"text-align: justify;\">] ACAPULCO. * 16 de noviembre de 2021.<br \/>\n<em>) Acapulco Press.<\/em><br \/>\nEl director de la Comisi\u00f3n de Transporte del Estado de Guerrero, Arturo Salinas Sandoval, suscribi\u00f3 que a\u00fan no se ha autorizado ning\u00fan aumento en el pasaje de taxis colectivos de color blanco ni amarillo de las rutas Costera-Colosio ni Coloso-Costera; el precio oficial sigue siendo 18 pesos y no los 20 ni 25 pesos que de de manerabusiva desde hace tres meses est\u00e1n cobrando los ruleteros de esas rutas.<\/p>\n<p style=\"text-align: justify;\">Salinas Sandoval exhort\u00f3 a los usuarios de dicho servicios a denunciar cualquier abuso para se tomen medidas, al respecto.<\/p>\n","protected":false},"excerpt":{"rendered":"<p>] ACAPULCO. * 16 de noviembre de 2021. ) Acapulco Press. El director de la Comisi\u00f3n de Transporte del Estado de Guerrero, Arturo Salinas Sandoval, suscribi\u00f3 que a\u00fan no se ha autorizado ning\u00fan aumento en el pasaje de taxis colectivos de color blanco ni amarillo de las rutas Costera-Colosio ni Coloso-Costera; el precio oficial sigue&#8230;<\/p>\n","protected":false},"author":2,"featured_media":1234642,"comment_status":"closed","ping_status":"closed","sticky":false,"template":"","format":"standard","meta":{"footnotes":""},"categories":[1969,1989],"tags":[4223,6131],"class_list":["post-1234641","post","type-post","status-publish","format-standard","has-post-thumbnail","hentry","category-trending","category-noticias-generales","tag-arturo-salinas-sandoval","tag-comision-de-transporte-del-estado-de-guerrero"],"_links":{"self":[{"href":"https:\/\/www.acapulcopress.com\/index.php\/wp-json\/wp\/v2\/posts\/1234641","targetHints":{"allow":["GET"]}}],"collection":[{"href":"https:\/\/www.acapulcopress.com\/index.php\/wp-json\/wp\/v2\/posts"}],"about":[{"href":"https:\/\/www.acapulcopress.com\/index.php\/wp-json\/wp\/v2\/types\/post"}],"author":[{"embeddable":true,"href":"https:\/\/www.acapulcopress.com\/index.php\/wp-json\/wp\/v2\/users\/2"}],"replies":[{"embeddable":true,"href":"https:\/\/www.acapulcopress.com\/index.php\/wp-json\/wp\/v2\/comments?post=1234641"}],"version-history":[{"count":0,"href":"https:\/\/www.acapulcopress.com\/index.php\/wp-json\/wp\/v2\/posts\/1234641\/revisions"}],"wp:featuredmedia":[{"embeddable":true,"href":"https:\/\/www.acapulcopress.com\/index.php\/wp-json\/"}],"wp:attachment":[{"href":"https:\/\/www.acapulcopress.com\/index.php\/wp-json\/wp\/v2\/media?parent=1234641"}],"wp:term":[{"taxonomy":"category","embeddable":true,"href":"https:\/\/www.acapulcopress.com\/index.php\/wp-json\/wp\/v2\/categories?post=1234641"},{"taxonomy":"post_tag","embeddable":true,"href":"https:\/\/www.acapulcopress.com\/index.php\/wp-json\/wp\/v2\/tags?post=1234641"}],"curies":[{"name":"wp","href":"https:\/\/api.w.org\/{rel}","templated":true}]}}