{"id":1234647,"date":"2021-11-16T19:57:28","date_gmt":"2021-11-17T01:57:28","guid":{"rendered":"https:\/\/www.acapulco.press\/?p=1234647"},"modified":"2021-11-16T19:57:28","modified_gmt":"2021-11-17T01:57:28","slug":"corte-inicia-debate-sobre-ampliacion-de-mandato","status":"publish","type":"post","link":"https:\/\/www.acapulcopress.com\/index.php\/2021\/11\/16\/corte-inicia-debate-sobre-ampliacion-de-mandato\/","title":{"rendered":"Corte inicia debate sobre ampliaci\u00f3n de mandato"},"content":{"rendered":"<p style=\"text-align: justify;\">\u00bb Juan Omar Fierro<br \/>\n] ACAPULCO. * 16 de noviembre de 2021.<br \/>\n<em>) <a href=\"https:\/\/www.proceso.com.mx\/nacional\/2021\/11\/16\/corte-arranca-debate-sobre-ampliacion-de-mandato-275903.html\" target=\"_blank\" rel=\"noopener\">Apro<\/a>.<\/em><\/p>\n<p style=\"text-align: justify;\">La Suprema Corte de Justicia de la Naci\u00f3n (SCJN) comenz\u00f3 el debate para resolver las acciones de inconstitucionalidad que impugnan la ampliaci\u00f3n de mandato de los consejeros de la Judicatura Federal y del Presidente de la Suprema Corte.<\/p>\n<p style=\"text-align: justify;\">Tras el anuncio de que era el siguiente asunto a discutir en el Pleno de la Corte, el titular del Poder Judicial de la Federaci\u00f3n, el ministro Arturo Zald\u00edvar, reiter\u00f3 que piensa concluir su mandato al frente del M\u00e1ximo Tribunal y del Consejo de la Judicatura Federal en 2024.<\/p>\n<p style=\"text-align: justify;\">Zald\u00edvar agreg\u00f3 que en raz\u00f3n de haber aclarado que no buscaba la continuidad en el cargo, no estaba impedido de participar en el an\u00e1lisis y debate sobre la ampliaci\u00f3n de mandato al frente de la Corte.<\/p>\n<p style=\"text-align: justify;\">As\u00ed, tras preguntar a los dem\u00e1s ministros sobre el tema sin que hubiera oposici\u00f3n alguna, el ministro Zald\u00edvar Lelo de Larrea se qued\u00f3 en el Pleno para analizar el proyecto del ministro Jos\u00e9 Fernando Franco Gonz\u00e1lez Salas que propone declarar la inconstitucionalidad del art\u00edculo 13 transitorio de la Ley Org\u00e1nica del Poder Judicial de la Federaci\u00f3n.<\/p>\n","protected":false},"excerpt":{"rendered":"<p>\u00bb Juan Omar Fierro ] ACAPULCO. * 16 de noviembre de 2021. ) Apro. La Suprema Corte de Justicia de la Naci\u00f3n (SCJN) comenz\u00f3 el debate para resolver las acciones de inconstitucionalidad que impugnan la ampliaci\u00f3n de mandato de los consejeros de la Judicatura Federal y del Presidente de la Suprema Corte. Tras el anuncio&#8230;<\/p>\n","protected":false},"author":2,"featured_media":1234648,"comment_status":"closed","ping_status":"closed","sticky":false,"template":"","format":"standard","meta":{"footnotes":""},"categories":[1969,1974],"tags":[15531,16935],"class_list":["post-1234647","post","type-post","status-publish","format-standard","has-post-thumbnail","hentry","category-trending","category-eventos-politicos","tag-revocacion-de-mandato","tag-suprema-corte-de-justicia-de-la-nacion-scjn"],"_links":{"self":[{"href":"https:\/\/www.acapulcopress.com\/index.php\/wp-json\/wp\/v2\/posts\/1234647","targetHints":{"allow":["GET"]}}],"collection":[{"href":"https:\/\/www.acapulcopress.com\/index.php\/wp-json\/wp\/v2\/posts"}],"about":[{"href":"https:\/\/www.acapulcopress.com\/index.php\/wp-json\/wp\/v2\/types\/post"}],"author":[{"embeddable":true,"href":"https:\/\/www.acapulcopress.com\/index.php\/wp-json\/wp\/v2\/users\/2"}],"replies":[{"embeddable":true,"href":"https:\/\/www.acapulcopress.com\/index.php\/wp-json\/wp\/v2\/comments?post=1234647"}],"version-history":[{"count":0,"href":"https:\/\/www.acapulcopress.com\/index.php\/wp-json\/wp\/v2\/posts\/1234647\/revisions"}],"wp:featuredmedia":[{"embeddable":true,"href":"https:\/\/www.acapulcopress.com\/index.php\/wp-json\/"}],"wp:attachment":[{"href":"https:\/\/www.acapulcopress.com\/index.php\/wp-json\/wp\/v2\/media?parent=1234647"}],"wp:term":[{"taxonomy":"category","embeddable":true,"href":"https:\/\/www.acapulcopress.com\/index.php\/wp-json\/wp\/v2\/categories?post=1234647"},{"taxonomy":"post_tag","embeddable":true,"href":"https:\/\/www.acapulcopress.com\/index.php\/wp-json\/wp\/v2\/tags?post=1234647"}],"curies":[{"name":"wp","href":"https:\/\/api.w.org\/{rel}","templated":true}]}}