{"id":1234654,"date":"2021-11-16T20:14:04","date_gmt":"2021-11-17T02:14:04","guid":{"rendered":"https:\/\/www.acapulco.press\/?p=1234654"},"modified":"2021-11-16T20:14:04","modified_gmt":"2021-11-17T02:14:04","slug":"menores-de-15-a-17-anos-sin-comorbilidades-ya-podran-vacunarse-contra-covid19","status":"publish","type":"post","link":"https:\/\/www.acapulcopress.com\/index.php\/2021\/11\/16\/menores-de-15-a-17-anos-sin-comorbilidades-ya-podran-vacunarse-contra-covid19\/","title":{"rendered":"Menores de 15 a 17 a\u00f1os sin comorbilidades ya podr\u00e1n vacunarse contra Covid19"},"content":{"rendered":"<p style=\"text-align: justify;\">] CIUDAD DE M\u00c9XICO. * 16 de noviembre de 2021.<br \/>\n<em>) <a href=\"https:\/\/www.proceso.com.mx\/nacional\/2021\/11\/16\/menores-de-15-17-anos-sin-comorbilidades-ya-podran-vacunarse-contra-covid-19-275876.html\" target=\"_blank\" rel=\"noopener\">Apro<\/a>.<\/em><\/p>\n<p style=\"text-align: justify;\">A partir del pr\u00f3ximo viernes 19 iniciar\u00e1 el registro de adolescentes de 15 a 17 a\u00f1os, sin morbilidades, para ser inoculados con la vacuna contra el covid-19.<\/p>\n<p style=\"text-align: justify;\">El subsecretario de Prevenci\u00f3n y Promoci\u00f3n de la Salud, Hugo L\u00f3pez-Gatell, inform\u00f3 que este sector de la poblaci\u00f3n ser\u00e1n vacunados contra el coronavirus.<\/p>\n<p style=\"text-align: justify;\">El registro se abre a partir de este viernes en la p\u00e1gina <a href=\"https:\/\/mivacuna.salud.gob.mx\/index.php\" target=\"_blank\" rel=\"noopener\">https:\/\/mivacuna.salud.gob.mx\/index.php<\/a>.<\/p>\n<p style=\"text-align: justify;\">Adem\u00e1s, las personas que vayan cumpliendo 18 a\u00f1os tambi\u00e9n ser\u00e1n vacunadas contra el coronavirus.<\/p>\n<p style=\"text-align: justify;\">Esta ma\u00f1ana, durante la conferencia de prensa del presidente Andr\u00e9s Manuel L\u00f3pez Obrador, el subsecretario de Salud L\u00f3pez-Gatell destac\u00f3 una reducci\u00f3n del covid-19 durante 16 semanas seguidas y la hospitalizaci\u00f3n se mantienen en tendencia a la baja.<\/p>\n<p style=\"text-align: justify;\">\u201cEsta es la mortalidad, entre 10 y 14 a\u00f1os la mortalidad es muy baja, a partir de los 15 a\u00f1os hay un aumento de la mortalidad, aunque sigue siendo baja. Aumenta la mortalidad conforme aumenta la edad\u201d, expuso L\u00f3pez-Gatell.<\/p>\n<p style=\"text-align: justify;\">Dijo que se pondr\u00e1 especial \u00e9nfasis en la inoculaci\u00f3n a mujeres adolescentes embarazadas, ya que por su condici\u00f3n enfrentan mayores riesgos de complicaci\u00f3n por infecci\u00f3n del coronavirus.<\/p>\n<p style=\"text-align: justify;\">Adem\u00e1s, se\u00f1al\u00f3 que se reforzar\u00e1 la campa\u00f1a para que se vacunen contra la influenza. Hasta el momento, s\u00f3lo un 10% de las mujeres embarazadas en M\u00e9xico han aceptado aplicarse el f\u00e1rmaco.<\/p>\n<p style=\"text-align: justify;\">\u201cLo que vemos es que en las distintas edades aumenta en las personas de mayor edad. Existe una preocupaci\u00f3n genuina sobre el riesgo a sus peque\u00f1os. Aqu\u00ed mostramos la mortalidad, en 2020 murieron un poco menos de 9 mil 500 personas de 15 a 18 a\u00f1os, de ellas, 249 murieron por ovid-19\u201d.<\/p>\n<p style=\"text-align: justify;\">Inform\u00f3 que hasta ahora se han aplicado alrededor de 129 millones de dosis y un 84% de la poblaci\u00f3n ya cuenta con su esquema completo. En total, se han recibido al menos 165 millones de dosis de la vacuna contra el Covid-19\u201d, inform\u00f3.<\/p>\n<p style=\"text-align: justify;\">El plan de vacunaci\u00f3n, dijo, continuar\u00e1 en el pa\u00eds para aplicar segundas dosis en adultos en 15 estados del pa\u00eds.<\/p>\n<p style=\"text-align: justify;\">\u00ab(Se va a) expandir la cobertura en poblaci\u00f3n dispersa. Vamos a llegar, estamos llegando a todos los rincones del pa\u00eds. Ahora, a partir de brigadas m\u00f3viles en los puntos de atenci\u00f3n de Bienestar vamos a dar vacunas a todas las personas\u201d, dijo.<\/p>\n","protected":false},"excerpt":{"rendered":"<p>] CIUDAD DE M\u00c9XICO. * 16 de noviembre de 2021. ) Apro. A partir del pr\u00f3ximo viernes 19 iniciar\u00e1 el registro de adolescentes de 15 a 17 a\u00f1os, sin morbilidades, para ser inoculados con la vacuna contra el covid-19. El subsecretario de Prevenci\u00f3n y Promoci\u00f3n de la Salud, Hugo L\u00f3pez-Gatell, inform\u00f3 que este sector de&#8230;<\/p>\n","protected":false},"author":2,"featured_media":1234655,"comment_status":"closed","ping_status":"closed","sticky":false,"template":"","format":"standard","meta":{"footnotes":""},"categories":[1972],"tags":[3896,6701,9941],"class_list":["post-1234654","post","type-post","status-publish","format-standard","has-post-thumbnail","hentry","category-special","tag-andres-manuel-lopez-obrador","tag-covid-19","tag-hugo-lopez-gatell"],"_links":{"self":[{"href":"https:\/\/www.acapulcopress.com\/index.php\/wp-json\/wp\/v2\/posts\/1234654","targetHints":{"allow":["GET"]}}],"collection":[{"href":"https:\/\/www.acapulcopress.com\/index.php\/wp-json\/wp\/v2\/posts"}],"about":[{"href":"https:\/\/www.acapulcopress.com\/index.php\/wp-json\/wp\/v2\/types\/post"}],"author":[{"embeddable":true,"href":"https:\/\/www.acapulcopress.com\/index.php\/wp-json\/wp\/v2\/users\/2"}],"replies":[{"embeddable":true,"href":"https:\/\/www.acapulcopress.com\/index.php\/wp-json\/wp\/v2\/comments?post=1234654"}],"version-history":[{"count":0,"href":"https:\/\/www.acapulcopress.com\/index.php\/wp-json\/wp\/v2\/posts\/1234654\/revisions"}],"wp:featuredmedia":[{"embeddable":true,"href":"https:\/\/www.acapulcopress.com\/index.php\/wp-json\/"}],"wp:attachment":[{"href":"https:\/\/www.acapulcopress.com\/index.php\/wp-json\/wp\/v2\/media?parent=1234654"}],"wp:term":[{"taxonomy":"category","embeddable":true,"href":"https:\/\/www.acapulcopress.com\/index.php\/wp-json\/wp\/v2\/categories?post=1234654"},{"taxonomy":"post_tag","embeddable":true,"href":"https:\/\/www.acapulcopress.com\/index.php\/wp-json\/wp\/v2\/tags?post=1234654"}],"curies":[{"name":"wp","href":"https:\/\/api.w.org\/{rel}","templated":true}]}}