{"id":1234660,"date":"2021-11-16T20:47:14","date_gmt":"2021-11-17T02:47:14","guid":{"rendered":"https:\/\/www.acapulco.press\/?p=1234660"},"modified":"2021-11-16T20:47:14","modified_gmt":"2021-11-17T02:47:14","slug":"aborrezco-a-este-miserable-que-esta-destruyendo-el-pais-diego","status":"publish","type":"post","link":"https:\/\/www.acapulcopress.com\/index.php\/2021\/11\/16\/aborrezco-a-este-miserable-que-esta-destruyendo-el-pais-diego\/","title":{"rendered":"\u00abAborrezco a este miserable que est\u00e1 destruyendo el pa\u00eds\u00bb | Diego"},"content":{"rendered":"<p style=\"text-align: justify;\">] CIUDAD DE M\u00c9XICO. * 16 de noviembre de 2021.<br \/>\n<em>) <a href=\"https:\/\/www.proceso.com.mx\/nacional\/politica\/2021\/11\/16\/aborrezco-este-miserable-que-esta-destruyendo-el-pais-diego-fernandez-recrudece-sus-calificativos-contra-amlo-275892.html\" target=\"_blank\" rel=\"noopener\">Apro<\/a>.<\/em><\/p>\n<p style=\"text-align: justify;\">El pol\u00edtico panista Diego Fern\u00e1ndez de Cevallos de nueva cuenta arremeti\u00f3 contra el presidente Andr\u00e9s Manuel L\u00f3pez Obrador, a quien acus\u00f3 de destruir el pa\u00eds y contra quien repiti\u00f3 los calificativos que suele usar en redes sociales.<\/p>\n<p style=\"text-align: justify;\">\u201cAborrezco a este miserable que est\u00e1 destruyendo el pa\u00eds\u201d, dijo el excandidato presidencial panista en una amplia entrevista publicada por el diario espa\u00f1ol <em>El Pa\u00eds<\/em>.<\/p>\n<p style=\"text-align: justify;\">Desde que abri\u00f3 su cuenta en Twitter en febrero pasado, el panista queretano ha usado ese espacio para criticar con calificativos y ep\u00edtetos las pol\u00edticas de la Cuarta Transformaci\u00f3n sobre econom\u00eda, pol\u00edtica, seguridad y manejo de la pandemia, los cuales ha ratificado en entrevistas period\u00edsticas. Entre las m\u00e1s recientes est\u00e1n el desabasto de medicinas y los se\u00f1alamientos del mandatario contra la UNAM.<\/p>\n<p style=\"text-align: justify;\">Esta vez, en la charla con el diario madrile\u00f1o, Fern\u00e1ndez de Cevallos aprovech\u00f3 recientes coyunturas como la dimisi\u00f3n de Santiago Nieto de la Unidad de Inteligencia Financiera y el discurso del presidente en la ONU para reiterar sus cr\u00edticas contra el pol\u00edtico tabasque\u00f1o.<\/p>\n<p style=\"text-align: justify;\">\u201cEn el pecado llevan la penitencia, porque se crey\u00f3 a este rufi\u00e1n \u201d, dijo Diego Fern\u00e1ndez sobre el caso de Nieto: \u201cSantiago no cometi\u00f3 ilegalidad, pero s\u00ed lo ha considerado una inmoralidad L\u00f3pez Obrador, que es un pobre hombre y monje moralista\u201d.<\/p>\n<p style=\"text-align: justify;\">Sobre la intervenci\u00f3n de L\u00f3pez Obrador en el Consejo de Seguridad, lo calific\u00f3 como \u201cun discurso de cura, pero de parroquia pobre, ni siquiera de catedral. Este brib\u00f3n quiere explicar al mundo c\u00f3mo combatir la inseguridad cuando nunca antes hab\u00edamos tenido tantos asesinatos\u201d<\/p>\n<p style=\"text-align: justify;\">En la conversaci\u00f3n con el diario espa\u00f1ol, Fern\u00e1ndez de Cevallos repiti\u00f3 uno de sus calificativos m\u00e1s repetidos desde su cuenta de Twitter: \u201cEs el Tartufo de Moli\u00e8re, un hombre mentiroso, embustero, simulador, corrupto. Y digo Tartufo porque es menos fuerte que rufi\u00e1n\u201d.<\/p>\n<p style=\"text-align: justify;\">Asimismo, cuestion\u00f3 que \u201cel porro y f\u00f3sil universitario, que se defin\u00eda como \u2018luchador social\u2019, se opuso con todas sus fuerzas al Tratado de Libre Comercio y ahora lo suscribi\u00f3 con gran alharaca\u201d.<\/p>\n<p style=\"text-align: justify;\">Cuestionado sobre si este gobierno tiene algo positivo, Diego Fern\u00e1ndez dijo que el gobierno ha mantenido cierto equilibro en las finanzas p\u00fablicas, aunque \u201cha dilapidado los multimillonarios ahorros que recibi\u00f3 de los \u2018malditos gobiernos neoliberales\u2019\u201d.<\/p>\n<p style=\"text-align: justify;\"><code><\/code><\/p>\n<blockquote class=\"twitter-tweet\">\n<p dir=\"ltr\" lang=\"es\">\ud83d\uddde Entrevista | Diego Fern\u00e1ndez de Cevallos (<a href=\"https:\/\/twitter.com\/DiegoFC?ref_src=twsrc%5Etfw\">@DiegoFC<\/a>). El l\u00edder de la derecha mexicana repasa su intensa vida pol\u00edtica, el papel del PAN en la 4T o el nuevo rol del Ej\u00e9rcito en el Gobierno de L\u00f3pez Obrador<\/p>\n<p>Por <a href=\"https:\/\/twitter.com\/Jacobogg?ref_src=twsrc%5Etfw\">@Jacobogg<\/a> <a href=\"https:\/\/t.co\/0ZcygeIIun\">https:\/\/t.co\/0ZcygeIIun<\/a><\/p>\n<p>\u2014 EL PA\u00cdS M\u00e9xico (@elpaismexico) <a href=\"https:\/\/twitter.com\/elpaismexico\/status\/1460665513634373637?ref_src=twsrc%5Etfw\">November 16, 2021<\/a><\/p><\/blockquote>\n<p style=\"text-align: justify;\"><script async src=\"https:\/\/platform.twitter.com\/widgets.js\" charset=\"utf-8\"><\/script><\/p>\n","protected":false},"excerpt":{"rendered":"<p>] CIUDAD DE M\u00c9XICO. * 16 de noviembre de 2021. ) Apro. El pol\u00edtico panista Diego Fern\u00e1ndez de Cevallos de nueva cuenta arremeti\u00f3 contra el presidente Andr\u00e9s Manuel L\u00f3pez Obrador, a quien acus\u00f3 de destruir el pa\u00eds y contra quien repiti\u00f3 los calificativos que suele usar en redes sociales. \u201cAborrezco a este miserable que est\u00e1&#8230;<\/p>\n","protected":false},"author":2,"featured_media":1234683,"comment_status":"closed","ping_status":"closed","sticky":false,"template":"","format":"standard","meta":{"footnotes":""},"categories":[1972,18561,2009],"tags":[3896,6809,7293,10668],"class_list":["post-1234660","post","type-post","status-publish","format-standard","has-post-thumbnail","hentry","category-special","category-society-politics","category-politics","tag-andres-manuel-lopez-obrador","tag-cuarta-transformacion","tag-diego-fernandez-de-cevallos","tag-jefe-diego"],"_links":{"self":[{"href":"https:\/\/www.acapulcopress.com\/index.php\/wp-json\/wp\/v2\/posts\/1234660","targetHints":{"allow":["GET"]}}],"collection":[{"href":"https:\/\/www.acapulcopress.com\/index.php\/wp-json\/wp\/v2\/posts"}],"about":[{"href":"https:\/\/www.acapulcopress.com\/index.php\/wp-json\/wp\/v2\/types\/post"}],"author":[{"embeddable":true,"href":"https:\/\/www.acapulcopress.com\/index.php\/wp-json\/wp\/v2\/users\/2"}],"replies":[{"embeddable":true,"href":"https:\/\/www.acapulcopress.com\/index.php\/wp-json\/wp\/v2\/comments?post=1234660"}],"version-history":[{"count":0,"href":"https:\/\/www.acapulcopress.com\/index.php\/wp-json\/wp\/v2\/posts\/1234660\/revisions"}],"wp:featuredmedia":[{"embeddable":true,"href":"https:\/\/www.acapulcopress.com\/index.php\/wp-json\/"}],"wp:attachment":[{"href":"https:\/\/www.acapulcopress.com\/index.php\/wp-json\/wp\/v2\/media?parent=1234660"}],"wp:term":[{"taxonomy":"category","embeddable":true,"href":"https:\/\/www.acapulcopress.com\/index.php\/wp-json\/wp\/v2\/categories?post=1234660"},{"taxonomy":"post_tag","embeddable":true,"href":"https:\/\/www.acapulcopress.com\/index.php\/wp-json\/wp\/v2\/tags?post=1234660"}],"curies":[{"name":"wp","href":"https:\/\/api.w.org\/{rel}","templated":true}]}}