{"id":1234701,"date":"2021-11-17T19:13:44","date_gmt":"2021-11-18T01:13:44","guid":{"rendered":"https:\/\/www.acapulco.press\/?p=1234701"},"modified":"2021-11-17T19:13:44","modified_gmt":"2021-11-18T01:13:44","slug":"inauguran-pabellon-de-guerrero-en-el-tianguis-turistico-2021","status":"publish","type":"post","link":"https:\/\/www.acapulcopress.com\/index.php\/2021\/11\/17\/inauguran-pabellon-de-guerrero-en-el-tianguis-turistico-2021\/","title":{"rendered":"Inauguran pabell\u00f3n de Guerrero en el Tianguis Tur\u00edstico 2021"},"content":{"rendered":"<p style=\"text-align: justify;\">] M\u00c9RIDA, Yucat\u00e1n. * 17 de noviembre de 2021.<br \/>\n<em>) Sectur Guerrero.<\/em><br \/>\nGuerrero hizo acto de presencia en el Tianguis Tur\u00edstico 2021 con uno de los pabellones m\u00e1s grandes y representativos, el cual fue inaugurado por autoridades y <img loading=\"lazy\" decoding=\"async\" class=\"alignleft size-medium wp-image-1234702\" src=\"https:\/\/www.acapulco.press\/wp-content\/uploads\/2021\/11\/tianguismerida-375x250.jpeg\" alt=\"\" width=\"375\" height=\"250\" \/>funcionarios del estado, encabezados por el secretario de Turismo en la entidad Santos Ram\u00edrez Cuevas, en representaci\u00f3n de la gobernadora Evelyn Salgado Pineda, el secretario de Turismo Federal Miguel Torruco Marqu\u00e9s, el gobernador de Yucat\u00e1n Mauricio Vila Dosal, as\u00ed como alcaldes y alcaldesas de municipios guerrerenses.<\/p>\n<p style=\"text-align: justify;\">En el segundo d\u00eda de actividades del Tianguis Tur\u00edstico 2021 con sede en M\u00e9rida, Yucat\u00e1n, se llev\u00f3 a cabo el corte de list\u00f3n del punto de actividades de la delegaci\u00f3n de Guerrero, con el objetivo de promover la reactivaci\u00f3n econ\u00f3mica y el desarrollo tur\u00edstico del estado en el evento m\u00e1s importante de su categor\u00eda en Latinoam\u00e9rica.<\/p>\n<p style=\"text-align: justify;\">En su mensaje, el titular de la Secretar\u00eda de Turismo de Guerrero Santos Ram\u00edrez Cuevas, a nombre de la gobernadora Evelyn Salgado Pineda, agradeci\u00f3 la hospitalidad de Yucat\u00e1n al gobernador, Mauricio Vila Dosal, al mismo tiempo de manifestar que Acapulco y Guerrero se encuentran listos para ser la sede del Tianguis Tur\u00edstico el pr\u00f3ximo a\u00f1o.<\/p>\n<p style=\"text-align: justify;\"><img loading=\"lazy\" decoding=\"async\" class=\"alignleft size-medium wp-image-1234706\" src=\"https:\/\/www.acapulco.press\/wp-content\/uploads\/2021\/11\/tianguismerida5-375x250.jpeg\" alt=\"\" width=\"375\" height=\"250\" \/>\u201cQuiero decirles a nombre de nuestra gobernadora del estado, la maestra Evelyn Salgado Pineda, que estamos muy contentos por esta gran recepci\u00f3n que ha hecho M\u00e9rida y el Estado de Yucat\u00e1n\u201d, expres\u00f3.<\/p>\n<p style=\"text-align: justify;\">Por su parte, el gobernador de Yucat\u00e1n, agradeci\u00f3 la presencia de Guerrero en el Tianguis Tur\u00edstico y dese\u00f3 el mayor \u00e9xito para la edici\u00f3n 46 que se desarrollar\u00e1 en la costa guerrerense en 2022.<\/p>\n<p style=\"text-align: justify;\">Finalmente, el secretario de Turismo Federal, Miguel Torruco Marqu\u00e9s, se congratul\u00f3 de estar en el Tianguis Tur\u00edstico con sede en M\u00e9rida y habl\u00f3 de lo que viene el pr\u00f3ximo a\u00f1o para Guerrero, cuando el Tianguis Tur\u00edstico regresar\u00e1 a su casa en el puerto de Acapulco.<\/p>\n<p style=\"text-align: justify;\">\u201cMe da mucho gusto estar con ustedes, y, sobre todo, como lo comentamos con la gobernadora, el pr\u00f3ximo a\u00f1o viene un campeonato y vamos a medir a todos los campeones de mundo en La Quebrada, con nuestra gente\u201d, coment\u00f3 Torruco Marqu\u00e9s sobre actividades tur\u00edsticas programadas dentro del Plan de Apoyo a Guerrero.<\/p>\n<p style=\"text-align: justify;\">Previo a la inauguraci\u00f3n del pabell\u00f3n, el secretario de Turismo, Santos Ram\u00edrez Cuevas, se reuni\u00f3 con alcaldesas y alcaldes de municipios con vocaci\u00f3n tur\u00edstica del estado, a quienes agradeci\u00f3 su presencia y apoyo para las acciones emprendidas por la gobernadora Evelyn Salgado Pineda, con miras a la recuperaci\u00f3n de la principal <img loading=\"lazy\" decoding=\"async\" class=\"alignleft size-medium wp-image-1234707\" src=\"https:\/\/www.acapulco.press\/wp-content\/uploads\/2021\/11\/tianguismerida6-375x250.jpeg\" alt=\"\" width=\"375\" height=\"250\" \/>actividad econ\u00f3mica en Guerrero.<\/p>\n<p style=\"text-align: justify;\">\u201cLe quisiera decir a todos ustedes presidentes bienvenidos, este pabell\u00f3n es de ustedes, est\u00e1 hecho para todas las personas que nos dedicamos al turismo, para las organizaciones, las asociaciones civiles que nos acompa\u00f1an, para toda la gente que nos dedicamos d\u00eda con d\u00eda a vender y a dar la mejor cara del turismo en nuestras diferentes ciudades y destinos tur\u00edsticos, les agradezco a todos y bienvenidos\u201d, expres\u00f3 el funcionario estatal.<\/p>\n<p style=\"text-align: justify;\">En la reuni\u00f3n operativa con las y los presidentes municipales de Guerrero participaron las alcaldesas de Copala, Guadalupe Garc\u00eda Villalba y de Benito Ju\u00e1rez (San Jer\u00f3nimo), Glafira Meraza Prudente; los alcaldes de San Marcos, Tom\u00e1s Hern\u00e1ndez Palma; de Coyuca de Ben\u00edtez, Ossiel Pacheco Salas; de Taxco de Alarc\u00f3n, Mario Figueroa Mundo; de La Uni\u00f3n de Isidoro Montes de Oca, Crescencio Reyes Torres; de Petatl\u00e1n, Perfecto Javier Aguilar Silva y de Zihuatanejo de Azueta, Jorge S\u00e1nchez Allec; adem\u00e1s del secretario de turismo de Acapulco, David Abarca Rodr\u00edguez en representaci\u00f3n de la alcaldesa Abelina L\u00f3pez.<\/p>\n<p style=\"text-align: justify;\">Entre los convenios y acciones registradas este d\u00eda por la delegaci\u00f3n de Guerrero en el Tianguis Tur\u00edstico 2021, se realiz\u00f3 la firma de acuerdo para realizar la pr\u00f3xima convenci\u00f3n nacional de la Asociaci\u00f3n Mexicana de Agencias de Viajes (AMAV) en el municipio de Zihuatanejo, evento para el que se espera el arribo de 500 agentes de viajes asociados a la AMAV.<\/p>\n<p style=\"text-align: justify;\">En dicho convenio participaron el secretario de Turismo de Guerrero, Santos Ram\u00edrez Cuevas, el presidente municipal de Zihuatanejo, Jorge S\u00e1nchez Allec y el presidente de AMAV nacional, Eduardo Paniagua Morales, quien expres\u00f3 su emoci\u00f3n por realizar su pr\u00f3xima asamblea en un destino guerrerense.<\/p>\n<p style=\"text-align: justify;\">Tambi\u00e9n, se firm\u00f3 una carta compromiso entre la Sectur Guerrero y el corporativo PriceTravel Holding a trav\u00e9s de su director general Pablo Jaitman, quien destac\u00f3 a su agencia de viajes como una de las m\u00e1s reconocidas e innovadoras de M\u00e9xico y Latinoam\u00e9rica, la cual, a trav\u00e9s de la alianza signada este d\u00eda, impulsar\u00e1 la actividad tur\u00edstica para los destinos guerrerenses.<\/p>\n<p style=\"text-align: justify;\">Con la participaci\u00f3n de 80 expositores de todos los municipios con vocaci\u00f3n tur\u00edstica, Guerrero participa en la edici\u00f3n 45 del Tianguis Tur\u00edstico que se realiza en la Ciudad de M\u00e9rida del 16 al 19 de noviembre.<\/p>\n<p style=\"text-align: justify;\">Asimismo, el gobierno del estado que encabeza la gobernadora Evelyn Salgado Pineda, de la mano de representantes de la llamada industria sin chimeneas, se preparan para recibir la estafeta del escaparate m\u00e1s importante de la actividad tur\u00edstica en el pa\u00eds, que tendr\u00e1 como sede en 2022 al puerto de Acapulco, su lugar de nacimiento.<\/p>\n<p style=\"text-align: justify;\">Las actividades del Tianguis Tur\u00edstico 2021 este d\u00eda iniciaron con el corte de list\u00f3n inaugural de la Expo que se desarrolla en el Centro de Convenciones Siglo XXI en la ciudad de M\u00e9rida, Yucat\u00e1n.<\/p>\n","protected":false},"excerpt":{"rendered":"<p>] M\u00c9RIDA, Yucat\u00e1n. * 17 de noviembre de 2021. ) Sectur Guerrero. Guerrero hizo acto de presencia en el Tianguis Tur\u00edstico 2021 con uno de los pabellones m\u00e1s grandes y representativos, el cual fue inaugurado por autoridades y funcionarios del estado, encabezados por el secretario de Turismo en la entidad Santos Ram\u00edrez Cuevas, en representaci\u00f3n&#8230;<\/p>\n","protected":false},"author":2,"featured_media":1234703,"comment_status":"closed","ping_status":"closed","sticky":false,"template":"","format":"standard","meta":{"footnotes":""},"categories":[1972,1988,18562],"tags":[17191],"class_list":["post-1234701","post","type-post","status-publish","format-standard","has-post-thumbnail","hentry","category-special","category-lifestyles","category-turism","tag-tianguis-turistico-merida-2021"],"_links":{"self":[{"href":"https:\/\/www.acapulcopress.com\/index.php\/wp-json\/wp\/v2\/posts\/1234701","targetHints":{"allow":["GET"]}}],"collection":[{"href":"https:\/\/www.acapulcopress.com\/index.php\/wp-json\/wp\/v2\/posts"}],"about":[{"href":"https:\/\/www.acapulcopress.com\/index.php\/wp-json\/wp\/v2\/types\/post"}],"author":[{"embeddable":true,"href":"https:\/\/www.acapulcopress.com\/index.php\/wp-json\/wp\/v2\/users\/2"}],"replies":[{"embeddable":true,"href":"https:\/\/www.acapulcopress.com\/index.php\/wp-json\/wp\/v2\/comments?post=1234701"}],"version-history":[{"count":0,"href":"https:\/\/www.acapulcopress.com\/index.php\/wp-json\/wp\/v2\/posts\/1234701\/revisions"}],"wp:featuredmedia":[{"embeddable":true,"href":"https:\/\/www.acapulcopress.com\/index.php\/wp-json\/"}],"wp:attachment":[{"href":"https:\/\/www.acapulcopress.com\/index.php\/wp-json\/wp\/v2\/media?parent=1234701"}],"wp:term":[{"taxonomy":"category","embeddable":true,"href":"https:\/\/www.acapulcopress.com\/index.php\/wp-json\/wp\/v2\/categories?post=1234701"},{"taxonomy":"post_tag","embeddable":true,"href":"https:\/\/www.acapulcopress.com\/index.php\/wp-json\/wp\/v2\/tags?post=1234701"}],"curies":[{"name":"wp","href":"https:\/\/api.w.org\/{rel}","templated":true}]}}