{"id":1234715,"date":"2021-11-17T19:46:10","date_gmt":"2021-11-18T01:46:10","guid":{"rendered":"https:\/\/www.acapulco.press\/?p=1234715"},"modified":"2021-11-17T19:46:10","modified_gmt":"2021-11-18T01:46:10","slug":"exhortan-a-jovenes-de-15-a-17-anos-a-registrarse-para-la-vacuna-contra-el-covid19","status":"publish","type":"post","link":"https:\/\/www.acapulcopress.com\/index.php\/2021\/11\/17\/exhortan-a-jovenes-de-15-a-17-anos-a-registrarse-para-la-vacuna-contra-el-covid19\/","title":{"rendered":"Exhortan a j\u00f3venes de 15 a 17 a\u00f1os a registrarse para la vacuna contra el Covid19"},"content":{"rendered":"<p style=\"text-align: justify;\">] CHILPANCINGO. * 17 de noviembre de 2021.<br \/>\n<em>) Gobierno de Guerrero.<\/em><br \/>\nCon el fin de reducir la incidencia de contagios de Covid-19 entre la poblaci\u00f3n guerrerense menor de 18 a\u00f1os, la delegaci\u00f3n Guerrero de la Secretar\u00eda del Bienestar, <img loading=\"lazy\" decoding=\"async\" class=\"alignleft size-medium wp-image-1234717\" src=\"https:\/\/www.acapulco.press\/wp-content\/uploads\/2021\/11\/COVID1517-375x317.png\" alt=\"\" width=\"375\" height=\"317\" \/>convoca a los j\u00f3venes de 15 a 17 a\u00f1os de edad, a registrarse en el portal <a href=\"https:\/\/mivacuna.salud.gob.mx\/index.php\" target=\"_blank\" rel=\"noopener\">mivacuna.salud.gob.mx<\/a> para recibir la vacuna, que se aplicar\u00e1 en los pr\u00f3ximos d\u00edas.<\/p>\n<p style=\"text-align: justify;\">Respecto a la situaci\u00f3n actual de la pandemia por Covid-19 en la entidad, las cifras proporcionadas indican que se tienen 76,711 casos positivos acumulados, y que en las \u00faltimas 24 horas se registraron \u00fanicamente 3 nuevos casos y 169 casos activos, que est\u00e1n en su mayor\u00eda, en 10 municipios del estado, entre ellos Acapulco, Iguala, Taxco, Chilpancingo y Zihuatanejo.<\/p>\n<p style=\"text-align: justify;\">En cuanto a la tendencia de hospitalizaci\u00f3n, el informe indica que se tienen 46 pacientes internados, de los cuales 40 se encuentran graves y 6 intubados en situaci\u00f3n cr\u00edtica, manteniendo una ocupaci\u00f3n hospitalaria del 62 por ciento en camas generales y del 8 por ciento en camas Covid, cifra por debajo de la media nacional que es del 17 por ciento.<\/p>\n<p style=\"text-align: justify;\">Por \u00faltimo, el reporte detalla que se ha registrado una considerable baja en la tendencia de defunciones, ya que en los primeros 16 d\u00edas del mes de noviembre han fallecido 27 personas por Covid-19, con un promedio diario de 1.7 decesos, destacando que por rubros de edad, se registran m\u00e1s fallecimientos en personas mayores de 60 a\u00f1os, adem\u00e1s de quienes a la fecha no han recibido ninguna dosis de vacuna.<\/p>\n","protected":false},"excerpt":{"rendered":"<p>] CHILPANCINGO. * 17 de noviembre de 2021. ) Gobierno de Guerrero. Con el fin de reducir la incidencia de contagios de Covid-19 entre la poblaci\u00f3n guerrerense menor de 18 a\u00f1os, la delegaci\u00f3n Guerrero de la Secretar\u00eda del Bienestar, convoca a los j\u00f3venes de 15 a 17 a\u00f1os de edad, a registrarse en el portal&#8230;<\/p>\n","protected":false},"author":2,"featured_media":1234716,"comment_status":"closed","ping_status":"closed","sticky":false,"template":"","format":"standard","meta":{"footnotes":""},"categories":[1983,18561],"tags":[6705,9302],"class_list":["post-1234715","post","type-post","status-publish","format-standard","has-post-thumbnail","hentry","category-guerrerogob","category-society-politics","tag-covid19","tag-gobierno-de-guerrero"],"_links":{"self":[{"href":"https:\/\/www.acapulcopress.com\/index.php\/wp-json\/wp\/v2\/posts\/1234715","targetHints":{"allow":["GET"]}}],"collection":[{"href":"https:\/\/www.acapulcopress.com\/index.php\/wp-json\/wp\/v2\/posts"}],"about":[{"href":"https:\/\/www.acapulcopress.com\/index.php\/wp-json\/wp\/v2\/types\/post"}],"author":[{"embeddable":true,"href":"https:\/\/www.acapulcopress.com\/index.php\/wp-json\/wp\/v2\/users\/2"}],"replies":[{"embeddable":true,"href":"https:\/\/www.acapulcopress.com\/index.php\/wp-json\/wp\/v2\/comments?post=1234715"}],"version-history":[{"count":0,"href":"https:\/\/www.acapulcopress.com\/index.php\/wp-json\/wp\/v2\/posts\/1234715\/revisions"}],"wp:featuredmedia":[{"embeddable":true,"href":"https:\/\/www.acapulcopress.com\/index.php\/wp-json\/"}],"wp:attachment":[{"href":"https:\/\/www.acapulcopress.com\/index.php\/wp-json\/wp\/v2\/media?parent=1234715"}],"wp:term":[{"taxonomy":"category","embeddable":true,"href":"https:\/\/www.acapulcopress.com\/index.php\/wp-json\/wp\/v2\/categories?post=1234715"},{"taxonomy":"post_tag","embeddable":true,"href":"https:\/\/www.acapulcopress.com\/index.php\/wp-json\/wp\/v2\/tags?post=1234715"}],"curies":[{"name":"wp","href":"https:\/\/api.w.org\/{rel}","templated":true}]}}