{"id":1234723,"date":"2021-11-17T20:43:29","date_gmt":"2021-11-18T02:43:29","guid":{"rendered":"https:\/\/www.acapulco.press\/?p=1234723"},"modified":"2021-11-17T20:43:29","modified_gmt":"2021-11-18T02:43:29","slug":"presentan-iniciativa-para-integrar-ministerio-publico-a-comision-de-derechos-humanos","status":"publish","type":"post","link":"https:\/\/www.acapulcopress.com\/index.php\/2021\/11\/17\/presentan-iniciativa-para-integrar-ministerio-publico-a-comision-de-derechos-humanos\/","title":{"rendered":"Presentan iniciativa para integrar Ministerio P\u00fablico a Comisi\u00f3n de Derechos Humanos"},"content":{"rendered":"<p style=\"text-align: justify;\">] CHILPANCINGO. * 17 de noviembre de 2021.<br \/>\n<em>) Congreso de Guerrero.<br \/>\n<\/em>El diputado Bernardo Ortega Jim\u00e9nez present\u00f3 una Iniciativa de Decreto por el que se adiciona una fracci\u00f3n al Art\u00edculo 24 de la Ley Org\u00e1nica de la Fiscal\u00eda General del Estado, N\u00famero 500, para crear la Agencia del Ministerio P\u00fablico Adscrito a la Comisi\u00f3n de los Derechos Humanos del Estado.<\/p>\n<p style=\"text-align: justify;\">Esto, con el prop\u00f3sito de atender de manera exclusiva aquellos casos en donde adem\u00e1s de la violaci\u00f3n de los derechos humanos, se cometa un delito y deba ser investigado por parte de la Fiscal\u00eda General del Estado.<\/p>\n<p style=\"text-align: justify;\">Ortega Jim\u00e9nez refiere en su exposici\u00f3n de motivos, que un Estado democr\u00e1tico es el que respeta y garantiza los derechos humanos.<\/p>\n<p style=\"text-align: justify;\">Recuerda que el art\u00edculo primero elev\u00f3 a rango constitucional los derechos humanos.<\/p>\n<p style=\"text-align: justify;\">Advierte que el marco constitucional no prev\u00e9 la figura del Ministerio P\u00fablico adscrito a la Comisi\u00f3n de los Derechos Humanos del Estado de Guerrero.<\/p>\n<p style=\"text-align: justify;\">\u201cFaltando con ello una figura important\u00edsima de representaci\u00f3n social, para aquellos casos en donde, a parte de la violaci\u00f3n de los derechos humanos, se prevea la comisi\u00f3n de alg\u00fan delito por parte de los servidores p\u00fablicos\u201d.<\/p>\n<p style=\"text-align: justify;\">Esto (prosigue), ocasiona una falta de atenci\u00f3n en materia de defensa de los derechos humanos de los ciudadanos, \u201cen donde la actuaci\u00f3n o falta de intervenci\u00f3n de alguna autoridad sea estatal o municipal, afecte a un particular, pero en especial, se vea tambi\u00e9n afectado por la comisi\u00f3n de alg\u00fan delito\u201d.<\/p>\n<p style=\"text-align: justify;\">Por lo anterior present\u00f3 iniciativa con proyecto de decreto, por el que se adiciona una fracci\u00f3n al art\u00edculo 24 de la Ley Org\u00e1nica de la Fiscal\u00eda General del estado de Guerrero, N\u00famero 500 en los siguientes t\u00e9rminos:<\/p>\n<p style=\"text-align: justify;\">ART\u00cdCULO \u00daNICO. Se adiciona una fracci\u00f3n XVII, recorri\u00e9ndose las actuales XVII y XVIII, para pasar a ser XVIII y XIX, del art\u00edculo 24 de la Ley Org\u00e1nica de la Fiscal\u00eda General del Estado de Guerrero, N\u00famero 500, par quedar como sigue:<\/p>\n<p style=\"text-align: justify;\">Art\u00edculo 24. . . .<br \/>\nDe la I. a la XVI. . . . (se elimina la \u201cy\u201d a la fracci\u00f3n XVI)<\/p>\n<p style=\"text-align: justify;\">XVII. Una Agencia del Ministerio P\u00fablico adscrita a la Comisi\u00f3n de los Derechos Humanos del Estado de Guerrero, para conocer e investigar de delitos que se cometan en la violaci\u00f3n a los Derechos Humanos que se presuma cometan servidores p\u00fablicos locales.<\/p>\n","protected":false},"excerpt":{"rendered":"<p>] CHILPANCINGO. * 17 de noviembre de 2021. ) Congreso de Guerrero. El diputado Bernardo Ortega Jim\u00e9nez present\u00f3 una Iniciativa de Decreto por el que se adiciona una fracci\u00f3n al Art\u00edculo 24 de la Ley Org\u00e1nica de la Fiscal\u00eda General del Estado, N\u00famero 500, para crear la Agencia del Ministerio P\u00fablico Adscrito a la Comisi\u00f3n&#8230;<\/p>\n","protected":false},"author":2,"featured_media":1234724,"comment_status":"closed","ping_status":"closed","sticky":false,"template":"","format":"standard","meta":{"footnotes":""},"categories":[1972,61,18561],"tags":[4711,6117,11898,12251],"class_list":["post-1234723","post","type-post","status-publish","format-standard","has-post-thumbnail","hentry","category-special","category-legislacion","category-society-politics","tag-bernardo-ortega-jimenez","tag-comision-de-los-derechos-humanos-del-estado-de-guerrero-cdheg","tag-ley-organica-de-la-fiscalia-general-del-estado","tag-lxiii-legislatura-de-guerrero"],"_links":{"self":[{"href":"https:\/\/www.acapulcopress.com\/index.php\/wp-json\/wp\/v2\/posts\/1234723","targetHints":{"allow":["GET"]}}],"collection":[{"href":"https:\/\/www.acapulcopress.com\/index.php\/wp-json\/wp\/v2\/posts"}],"about":[{"href":"https:\/\/www.acapulcopress.com\/index.php\/wp-json\/wp\/v2\/types\/post"}],"author":[{"embeddable":true,"href":"https:\/\/www.acapulcopress.com\/index.php\/wp-json\/wp\/v2\/users\/2"}],"replies":[{"embeddable":true,"href":"https:\/\/www.acapulcopress.com\/index.php\/wp-json\/wp\/v2\/comments?post=1234723"}],"version-history":[{"count":0,"href":"https:\/\/www.acapulcopress.com\/index.php\/wp-json\/wp\/v2\/posts\/1234723\/revisions"}],"wp:featuredmedia":[{"embeddable":true,"href":"https:\/\/www.acapulcopress.com\/index.php\/wp-json\/"}],"wp:attachment":[{"href":"https:\/\/www.acapulcopress.com\/index.php\/wp-json\/wp\/v2\/media?parent=1234723"}],"wp:term":[{"taxonomy":"category","embeddable":true,"href":"https:\/\/www.acapulcopress.com\/index.php\/wp-json\/wp\/v2\/categories?post=1234723"},{"taxonomy":"post_tag","embeddable":true,"href":"https:\/\/www.acapulcopress.com\/index.php\/wp-json\/wp\/v2\/tags?post=1234723"}],"curies":[{"name":"wp","href":"https:\/\/api.w.org\/{rel}","templated":true}]}}