{"id":1234751,"date":"2021-11-17T23:22:56","date_gmt":"2021-11-18T05:22:56","guid":{"rendered":"https:\/\/www.acapulco.press\/?p=1234751"},"modified":"2021-11-17T23:22:56","modified_gmt":"2021-11-18T05:22:56","slug":"fge-vincula-a-proceso-a-un-homicida-y-detiene-a-dos-sospechosos-armados","status":"publish","type":"post","link":"https:\/\/www.acapulcopress.com\/index.php\/2021\/11\/17\/fge-vincula-a-proceso-a-un-homicida-y-detiene-a-dos-sospechosos-armados\/","title":{"rendered":"FGE vincula a proceso a un homicida y detiene a dos sospechosos armados"},"content":{"rendered":"<p style=\"text-align: justify;\">] CHILPANCINGO. * 17 de noviembre de 2021.<br \/>\n<em>) FGE.<\/em><\/p>\n<p style=\"text-align: justify;\">El Ministerio P\u00fablico en Acapulco obtuvo del juez vinculaci\u00f3n a proceso en contra de Daniel \u00abN\u00bb, acusado como probable responsable del delito de homicidio calificado (por arma de fuego) en agravio de David \u00abN\u00bb.<\/p>\n<p style=\"text-align: justify;\">Los hechos ocurrieron el pasado 21 de septiembre cuando la persona se encontraba en su domicilio con sus familiares en la colonia Ni\u00f1os H\u00e9roes, y siendo las 00:10 horas llegaron personas con armas de fuego, se introdujeron a la vivienda hasta llegar a la v\u00edctima y dispararle en repetidas ocasiones, ocasionando perdiera la vida.<\/p>\n<p style=\"text-align: justify;\">En la continuaci\u00f3n de la audiencia inicial, el Ministerio P\u00fablico aport\u00f3 los datos de prueba obteniendo del Juez de Control y Enjuiciamiento penal vinculaci\u00f3n a proceso en contra de Daniel \u00abN\u00bb, otorgando tres meses de investigaci\u00f3n complementaria, quedando vigente la medida cautelar de prisi\u00f3n preventiva oficiosa por el tiempo que dure el procedimiento.<\/p>\n<p style=\"text-align: justify;\"><strong>DOS SOSPECHOSOS ARMADOS CAPTURADOS<\/strong><\/p>\n<p style=\"text-align: justify;\">\u00a0La Fiscal\u00eda General del Estado informa que agentes de la Polic\u00eda Investigadora Ministerial al realizar recorridos de seguridad tuvieron una persecuci\u00f3n y posterior detenci\u00f3n de dos masculinos Adri\u00e1n \u00abN\u00bb y Miguel \u00abN\u00bb, en el punto conocido como El Retorno, a quienes se les pudo observar que portaban un arma de fuego, esto sobre carretera Acapulco-M\u00e9xico, en la zona suburbana del municipio de Acapulco.<\/p>\n<p style=\"text-align: justify;\">Agentes de la Polic\u00eda Investigadora Ministerial se encontraban circulando a la altura del deshuesadero del poblado El Porvenir, cuando al observar a dos masculinos conduciendo un veh\u00edculo tipo Golf, color negro, con placas HEZ4201, se le pudo observar que portaban arma de fuego, se les pidi\u00f3 detenerse para una revisi\u00f3n.<\/p>\n<p style=\"text-align: justify;\">Por lo que los ocupantes, hicieron caso omiso y emprendieron la huida con direcci\u00f3n a la colonia Vacacional, en el punto conocido como El Retorno, quedando el veh\u00edculo estampado en la valla met\u00e1lica, saliendo impactado una persona del sexo masculino, quien result\u00f3 herido por proyectil por arma de fuego.<\/p>\n<p style=\"text-align: justify;\">Los ocupantes de la unidad, el veh\u00edculo en el que se trasladaban y un arma de fuego tipo escuadra, quedaron a disposici\u00f3n del Ministerio P\u00fablico correspondiente para que dentro del t\u00e9rmino legal se determine la situaci\u00f3n jur\u00eddica.<\/p>\n<p style=\"text-align: justify;\">La Fiscal\u00eda General del Estado a trav\u00e9s de la Polic\u00eda Investigadora Ministerial y en coordinaci\u00f3n con autoridades de Seguridad P\u00fablica federal y estatal, continuar\u00e1n realizando las acciones pertinentes para mantener en materia de seguridad la incidencia delictiva a la baja en Guerrero.<\/p>\n","protected":false},"excerpt":{"rendered":"<p>] CHILPANCINGO. * 17 de noviembre de 2021. ) FGE. El Ministerio P\u00fablico en Acapulco obtuvo del juez vinculaci\u00f3n a proceso en contra de Daniel \u00abN\u00bb, acusado como probable responsable del delito de homicidio calificado (por arma de fuego) en agravio de David \u00abN\u00bb. Los hechos ocurrieron el pasado 21 de septiembre cuando la persona&#8230;<\/p>\n","protected":false},"author":2,"featured_media":1234752,"comment_status":"closed","ping_status":"closed","sticky":false,"template":"","format":"standard","meta":{"footnotes":""},"categories":[1969,2005],"tags":[8703,10946,14737],"class_list":["post-1234751","post","type-post","status-publish","format-standard","has-post-thumbnail","hentry","category-trending","category-seguridad-y-justicia","tag-fiscalia-general-del-estado-de-guerrero-fge","tag-jorge-zuriel-de-los-santos-barrila","tag-policia-ministerial-de-guerrero"],"_links":{"self":[{"href":"https:\/\/www.acapulcopress.com\/index.php\/wp-json\/wp\/v2\/posts\/1234751","targetHints":{"allow":["GET"]}}],"collection":[{"href":"https:\/\/www.acapulcopress.com\/index.php\/wp-json\/wp\/v2\/posts"}],"about":[{"href":"https:\/\/www.acapulcopress.com\/index.php\/wp-json\/wp\/v2\/types\/post"}],"author":[{"embeddable":true,"href":"https:\/\/www.acapulcopress.com\/index.php\/wp-json\/wp\/v2\/users\/2"}],"replies":[{"embeddable":true,"href":"https:\/\/www.acapulcopress.com\/index.php\/wp-json\/wp\/v2\/comments?post=1234751"}],"version-history":[{"count":0,"href":"https:\/\/www.acapulcopress.com\/index.php\/wp-json\/wp\/v2\/posts\/1234751\/revisions"}],"wp:featuredmedia":[{"embeddable":true,"href":"https:\/\/www.acapulcopress.com\/index.php\/wp-json\/"}],"wp:attachment":[{"href":"https:\/\/www.acapulcopress.com\/index.php\/wp-json\/wp\/v2\/media?parent=1234751"}],"wp:term":[{"taxonomy":"category","embeddable":true,"href":"https:\/\/www.acapulcopress.com\/index.php\/wp-json\/wp\/v2\/categories?post=1234751"},{"taxonomy":"post_tag","embeddable":true,"href":"https:\/\/www.acapulcopress.com\/index.php\/wp-json\/wp\/v2\/tags?post=1234751"}],"curies":[{"name":"wp","href":"https:\/\/api.w.org\/{rel}","templated":true}]}}