{"id":1234757,"date":"2021-11-18T11:32:35","date_gmt":"2021-11-18T17:32:35","guid":{"rendered":"https:\/\/www.acapulco.press\/?p=1234757"},"modified":"2021-11-18T11:32:35","modified_gmt":"2021-11-18T17:32:35","slug":"recorre-secretario-de-educacion-los-pueblos-santos-de-guerrero","status":"publish","type":"post","link":"https:\/\/www.acapulcopress.com\/index.php\/2021\/11\/18\/recorre-secretario-de-educacion-los-pueblos-santos-de-guerrero\/","title":{"rendered":"Recorre secretario de Educaci\u00f3n los &#8216;pueblos santos&#8217; de Guerrero"},"content":{"rendered":"<p><img loading=\"lazy\" decoding=\"async\" class=\"alignnone wp-image-1234760 size-large\" src=\"https:\/\/www.acapulco.press\/wp-content\/uploads\/2021\/11\/marshal-rodriguez2-840x572.jpeg\" alt=\"\" width=\"840\" height=\"572\" \/><\/p>\n<p>] SANTA B\u00c1RBARA, Gro. * 18 de noviembre de 2021.<br \/>\n<em>) SEG.<\/em><\/p>\n<p style=\"text-align: justify;\">El Secretario de Educaci\u00f3n en Guerrero, Marcial Rodr\u00edguez Salda\u00f1a, llev\u00f3 a cabo un evento educativo con estudiantes de pre-escolar, primaria, secundaria y bachillerato, madres, padres de familia y ciudadan\u00edos, en la escuela primaria rural Emiliano Zapata, ubicada en la comunidad de Santa B\u00e1rbara, al cual asistieron comisarios de los llamados \u00abpueblos santos\u00bb del Estado, como Santa Rita, San Miguel, R\u00edo Verde, Santa Rosa y San Crist\u00f3bal.<\/p>\n<p style=\"text-align: justify;\">Ah\u00ed, el titular de la SEG les dijo que la gobernadora del Estado Evelyn Salgado Pineda, est\u00e1 impulsando la transformaci\u00f3n de la Educaci\u00f3n y aprovech\u00f3 para hacerles entrega de material sanitizante, higi\u00e9nico, deportivo y de oficina, para todas las instituciones educativas de esa regi\u00f3n Centro de la entidad, as\u00ed como tambi\u00e9n en las poblaciones de Piedra Iman y la Providencia.<\/p>\n<p><img loading=\"lazy\" decoding=\"async\" class=\"alignnone wp-image-1234759 size-large\" src=\"https:\/\/www.acapulco.press\/wp-content\/uploads\/2021\/11\/marshal-rodriguez-840x446.jpeg\" alt=\"\" width=\"840\" height=\"446\" \/><\/p>\n","protected":false},"excerpt":{"rendered":"<p>] SANTA B\u00c1RBARA, Gro. * 18 de noviembre de 2021. ) SEG. El Secretario de Educaci\u00f3n en Guerrero, Marcial Rodr\u00edguez Salda\u00f1a, llev\u00f3 a cabo un evento educativo con estudiantes de pre-escolar, primaria, secundaria y bachillerato, madres, padres de familia y ciudadan\u00edos, en la escuela primaria rural Emiliano Zapata, ubicada en la comunidad de Santa B\u00e1rbara,&#8230;<\/p>\n","protected":false},"author":2,"featured_media":1234759,"comment_status":"closed","ping_status":"closed","sticky":false,"template":"","format":"standard","meta":{"footnotes":""},"categories":[1969,2081],"tags":[12457,16169,16362],"class_list":["post-1234757","post","type-post","status-publish","format-standard","has-post-thumbnail","hentry","category-trending","category-seg","tag-marcial-rodriguez-saldana","tag-secretaria-de-educacion-guerrero-seg","tag-seg"],"_links":{"self":[{"href":"https:\/\/www.acapulcopress.com\/index.php\/wp-json\/wp\/v2\/posts\/1234757","targetHints":{"allow":["GET"]}}],"collection":[{"href":"https:\/\/www.acapulcopress.com\/index.php\/wp-json\/wp\/v2\/posts"}],"about":[{"href":"https:\/\/www.acapulcopress.com\/index.php\/wp-json\/wp\/v2\/types\/post"}],"author":[{"embeddable":true,"href":"https:\/\/www.acapulcopress.com\/index.php\/wp-json\/wp\/v2\/users\/2"}],"replies":[{"embeddable":true,"href":"https:\/\/www.acapulcopress.com\/index.php\/wp-json\/wp\/v2\/comments?post=1234757"}],"version-history":[{"count":0,"href":"https:\/\/www.acapulcopress.com\/index.php\/wp-json\/wp\/v2\/posts\/1234757\/revisions"}],"wp:featuredmedia":[{"embeddable":true,"href":"https:\/\/www.acapulcopress.com\/index.php\/wp-json\/"}],"wp:attachment":[{"href":"https:\/\/www.acapulcopress.com\/index.php\/wp-json\/wp\/v2\/media?parent=1234757"}],"wp:term":[{"taxonomy":"category","embeddable":true,"href":"https:\/\/www.acapulcopress.com\/index.php\/wp-json\/wp\/v2\/categories?post=1234757"},{"taxonomy":"post_tag","embeddable":true,"href":"https:\/\/www.acapulcopress.com\/index.php\/wp-json\/wp\/v2\/tags?post=1234757"}],"curies":[{"name":"wp","href":"https:\/\/api.w.org\/{rel}","templated":true}]}}