{"id":1234765,"date":"2021-11-18T12:38:36","date_gmt":"2021-11-18T18:38:36","guid":{"rendered":"https:\/\/www.acapulco.press\/?p=1234765"},"modified":"2021-11-18T12:38:36","modified_gmt":"2021-11-18T18:38:36","slug":"firma-marcial-rodriguez-primeros-titulos-de-licenciatura-como-secretario-de-educacion","status":"publish","type":"post","link":"https:\/\/www.acapulcopress.com\/index.php\/2021\/11\/18\/firma-marcial-rodriguez-primeros-titulos-de-licenciatura-como-secretario-de-educacion\/","title":{"rendered":"Firma Marcial Rodr\u00edguez primeros t\u00edtulos de licenciatura como secretario de Educaci\u00f3n"},"content":{"rendered":"<p>] CHILPANCINGO, Gro. * 18 de noviembre de 2021.<br \/>\n) SEG.<\/p>\n<p style=\"text-align: justify;\">El Secretario de Educaci\u00f3n en Guerrero, Marcial Rodr\u00edguez Salda\u00f1a, firm\u00f3 los primeros t\u00edtulos de licenciatura en educaci\u00f3n de j\u00f3venes egresados de la Universidad Pedag\u00f3gica Nacional &#8211; planteles Guerrero- con los cuales se les habilita para ejercer su profesi\u00f3n.<\/p>\n<p style=\"text-align: justify;\">Rodr\u00edguez Salda\u00f1a expres\u00f3 que la gobernadora del Estado, Evelyn Salgado Pineda, est\u00e1 impulsando la transformaci\u00f3n educativa en Guerrero para mejorar la calidad en todos los subsistemas educativos de la entidad.<\/p>\n","protected":false},"excerpt":{"rendered":"<p>] CHILPANCINGO, Gro. * 18 de noviembre de 2021. ) SEG. El Secretario de Educaci\u00f3n en Guerrero, Marcial Rodr\u00edguez Salda\u00f1a, firm\u00f3 los primeros t\u00edtulos de licenciatura en educaci\u00f3n de j\u00f3venes egresados de la Universidad Pedag\u00f3gica Nacional &#8211; planteles Guerrero- con los cuales se les habilita para ejercer su profesi\u00f3n. Rodr\u00edguez Salda\u00f1a expres\u00f3 que la gobernadora&#8230;<\/p>\n","protected":false},"author":2,"featured_media":1234766,"comment_status":"closed","ping_status":"closed","sticky":false,"template":"","format":"standard","meta":{"footnotes":""},"categories":[1969,2081],"tags":[12457,16362],"class_list":["post-1234765","post","type-post","status-publish","format-standard","has-post-thumbnail","hentry","category-trending","category-seg","tag-marcial-rodriguez-saldana","tag-seg"],"_links":{"self":[{"href":"https:\/\/www.acapulcopress.com\/index.php\/wp-json\/wp\/v2\/posts\/1234765","targetHints":{"allow":["GET"]}}],"collection":[{"href":"https:\/\/www.acapulcopress.com\/index.php\/wp-json\/wp\/v2\/posts"}],"about":[{"href":"https:\/\/www.acapulcopress.com\/index.php\/wp-json\/wp\/v2\/types\/post"}],"author":[{"embeddable":true,"href":"https:\/\/www.acapulcopress.com\/index.php\/wp-json\/wp\/v2\/users\/2"}],"replies":[{"embeddable":true,"href":"https:\/\/www.acapulcopress.com\/index.php\/wp-json\/wp\/v2\/comments?post=1234765"}],"version-history":[{"count":0,"href":"https:\/\/www.acapulcopress.com\/index.php\/wp-json\/wp\/v2\/posts\/1234765\/revisions"}],"wp:featuredmedia":[{"embeddable":true,"href":"https:\/\/www.acapulcopress.com\/index.php\/wp-json\/"}],"wp:attachment":[{"href":"https:\/\/www.acapulcopress.com\/index.php\/wp-json\/wp\/v2\/media?parent=1234765"}],"wp:term":[{"taxonomy":"category","embeddable":true,"href":"https:\/\/www.acapulcopress.com\/index.php\/wp-json\/wp\/v2\/categories?post=1234765"},{"taxonomy":"post_tag","embeddable":true,"href":"https:\/\/www.acapulcopress.com\/index.php\/wp-json\/wp\/v2\/tags?post=1234765"}],"curies":[{"name":"wp","href":"https:\/\/api.w.org\/{rel}","templated":true}]}}