{"id":1234771,"date":"2021-11-18T21:45:04","date_gmt":"2021-11-19T03:45:04","guid":{"rendered":"https:\/\/www.acapulco.press\/?p=1234771"},"modified":"2021-11-18T21:45:04","modified_gmt":"2021-11-19T03:45:04","slug":"reconoce-senador-anorve-trayectoria-deportiva-del-canelo-alvarez","status":"publish","type":"post","link":"https:\/\/www.acapulcopress.com\/index.php\/2021\/11\/18\/reconoce-senador-anorve-trayectoria-deportiva-del-canelo-alvarez\/","title":{"rendered":"Reconoce Senador A\u00f1orve trayectoria deportiva del &#8216;Canelo&#8217; \u00c1lvarez"},"content":{"rendered":"<p>] CIUDAD DE M\u00c9XICO. * 18 de noviembre de 2021.<br \/>\n<em>) Senado de la Rep\u00fablica.<\/em><\/p>\n<p>El Senador de la Rep\u00fablica Manuel A\u00f1orve Ba\u00f1os particip\u00f3 en la recepci\u00f3n que hizo el Senado al campe\u00f3n mundial de boxeo, Sa\u00fal \u00abCanelo\u00bb \u00c1lvarez, en donde el legislador le reconoci\u00f3 su trayectoria deportiva y principalmente por poner muy en alto el nombre de M\u00e9xico en el mundo.<\/p>\n<p>A\u00f1orve Ba\u00f1os, destac\u00f3 que el \u00abCanelo\u00bb es un gran ejemplo para la ni\u00f1ez y juventud del pa\u00eds, ya que con su dedicaci\u00f3n y disciplina ha podido llegar muy lejos.<\/p>\n<p>El Senador guerrerense, le agradeci\u00f3 el mensaje y saludo que el gran campe\u00f3n mexicano envi\u00f3 por su conducto al pueblo de Guerrero, ya que el boxeo es uno de los deportes favoritos y que \u00e9l practica por salud y gusto.<\/p>\n<p>Finalmente, precis\u00f3 que es importante apoyar a los ni\u00f1os y j\u00f3venes que est\u00e1n interesados en destacar en alguna disciplina deportiva, ya que muchas veces no se les impulsa de manera correcta, pero reiter\u00f3 su compromiso para seguir apoyando el deporte en la entidad.<\/p>\n","protected":false},"excerpt":{"rendered":"<p>] CIUDAD DE M\u00c9XICO. * 18 de noviembre de 2021. ) Senado de la Rep\u00fablica. El Senador de la Rep\u00fablica Manuel A\u00f1orve Ba\u00f1os particip\u00f3 en la recepci\u00f3n que hizo el Senado al campe\u00f3n mundial de boxeo, Sa\u00fal \u00abCanelo\u00bb \u00c1lvarez, en donde el legislador le reconoci\u00f3 su trayectoria deportiva y principalmente por poner muy en alto&#8230;<\/p>\n","protected":false},"author":2,"featured_media":1234772,"comment_status":"closed","ping_status":"closed","sticky":false,"template":"","format":"standard","meta":{"footnotes":""},"categories":[2019],"tags":[12366,16080],"class_list":["post-1234771","post","type-post","status-publish","format-standard","has-post-thumbnail","hentry","category-popular-news","tag-manuel-anorve-banos","tag-saul-canelo-alvarez"],"_links":{"self":[{"href":"https:\/\/www.acapulcopress.com\/index.php\/wp-json\/wp\/v2\/posts\/1234771","targetHints":{"allow":["GET"]}}],"collection":[{"href":"https:\/\/www.acapulcopress.com\/index.php\/wp-json\/wp\/v2\/posts"}],"about":[{"href":"https:\/\/www.acapulcopress.com\/index.php\/wp-json\/wp\/v2\/types\/post"}],"author":[{"embeddable":true,"href":"https:\/\/www.acapulcopress.com\/index.php\/wp-json\/wp\/v2\/users\/2"}],"replies":[{"embeddable":true,"href":"https:\/\/www.acapulcopress.com\/index.php\/wp-json\/wp\/v2\/comments?post=1234771"}],"version-history":[{"count":0,"href":"https:\/\/www.acapulcopress.com\/index.php\/wp-json\/wp\/v2\/posts\/1234771\/revisions"}],"wp:featuredmedia":[{"embeddable":true,"href":"https:\/\/www.acapulcopress.com\/index.php\/wp-json\/"}],"wp:attachment":[{"href":"https:\/\/www.acapulcopress.com\/index.php\/wp-json\/wp\/v2\/media?parent=1234771"}],"wp:term":[{"taxonomy":"category","embeddable":true,"href":"https:\/\/www.acapulcopress.com\/index.php\/wp-json\/wp\/v2\/categories?post=1234771"},{"taxonomy":"post_tag","embeddable":true,"href":"https:\/\/www.acapulcopress.com\/index.php\/wp-json\/wp\/v2\/tags?post=1234771"}],"curies":[{"name":"wp","href":"https:\/\/api.w.org\/{rel}","templated":true}]}}