{"id":1234778,"date":"2021-11-18T22:30:15","date_gmt":"2021-11-19T04:30:15","guid":{"rendered":"https:\/\/www.acapulco.press\/?p=1234778"},"modified":"2021-11-18T22:30:15","modified_gmt":"2021-11-19T04:30:15","slug":"presenta-cecyeg-deficit-financiero-de-275-millones-de-pesos-marcial-seg","status":"publish","type":"post","link":"https:\/\/www.acapulcopress.com\/index.php\/2021\/11\/18\/presenta-cecyeg-deficit-financiero-de-275-millones-de-pesos-marcial-seg\/","title":{"rendered":"Presenta Cecyeg d\u00e9ficit financiero de 275 millones de pesos | Marcial (SEG)"},"content":{"rendered":"<p>] CHILPANCINGO. * 18 de noviembre de 2021.<br \/>\n<em>) SEG.<\/em><\/p>\n<p style=\"text-align: justify;\">El secretario de Educaci\u00f3n en Guerrero, Marcial Rodr\u00edguez Salda\u00f1a, expres\u00f3 que de acuerdo al informe que recibi\u00f3 del director general del Colegio de Estudios Cient\u00edficos y Tecnol\u00f3gicos del Estado de Guerrero Cecyteg), Edmundo Gatica Carmona, dicha instituci\u00f3n presenta un d\u00e9ficit financiero de m\u00e1s de 275 millones de pesos, entre cuentas por pagar, pago de laudos laborales, obligaciones fiscales, pasivos contingentes, y obligaciones vencidas.<\/p>\n<p style=\"text-align: justify;\">El titular de la SEG manifest\u00f3 que tienen la indicaci\u00f3n de la gobernadora del Estado, Evelyn Salgado Pineda, de informar al pueblo en que situacion se reciben todas las dependencias.<\/p>\n","protected":false},"excerpt":{"rendered":"<p>] CHILPANCINGO. * 18 de noviembre de 2021. ) SEG. El secretario de Educaci\u00f3n en Guerrero, Marcial Rodr\u00edguez Salda\u00f1a, expres\u00f3 que de acuerdo al informe que recibi\u00f3 del director general del Colegio de Estudios Cient\u00edficos y Tecnol\u00f3gicos del Estado de Guerrero Cecyteg), Edmundo Gatica Carmona, dicha instituci\u00f3n presenta un d\u00e9ficit financiero de m\u00e1s de 275&#8230;<\/p>\n","protected":false},"author":2,"featured_media":1234779,"comment_status":"closed","ping_status":"closed","sticky":false,"template":"","format":"standard","meta":{"footnotes":""},"categories":[1969,1972,2081],"tags":[12457,16169,16362],"class_list":["post-1234778","post","type-post","status-publish","format-standard","has-post-thumbnail","hentry","category-trending","category-special","category-seg","tag-marcial-rodriguez-saldana","tag-secretaria-de-educacion-guerrero-seg","tag-seg"],"_links":{"self":[{"href":"https:\/\/www.acapulcopress.com\/index.php\/wp-json\/wp\/v2\/posts\/1234778","targetHints":{"allow":["GET"]}}],"collection":[{"href":"https:\/\/www.acapulcopress.com\/index.php\/wp-json\/wp\/v2\/posts"}],"about":[{"href":"https:\/\/www.acapulcopress.com\/index.php\/wp-json\/wp\/v2\/types\/post"}],"author":[{"embeddable":true,"href":"https:\/\/www.acapulcopress.com\/index.php\/wp-json\/wp\/v2\/users\/2"}],"replies":[{"embeddable":true,"href":"https:\/\/www.acapulcopress.com\/index.php\/wp-json\/wp\/v2\/comments?post=1234778"}],"version-history":[{"count":0,"href":"https:\/\/www.acapulcopress.com\/index.php\/wp-json\/wp\/v2\/posts\/1234778\/revisions"}],"wp:featuredmedia":[{"embeddable":true,"href":"https:\/\/www.acapulcopress.com\/index.php\/wp-json\/"}],"wp:attachment":[{"href":"https:\/\/www.acapulcopress.com\/index.php\/wp-json\/wp\/v2\/media?parent=1234778"}],"wp:term":[{"taxonomy":"category","embeddable":true,"href":"https:\/\/www.acapulcopress.com\/index.php\/wp-json\/wp\/v2\/categories?post=1234778"},{"taxonomy":"post_tag","embeddable":true,"href":"https:\/\/www.acapulcopress.com\/index.php\/wp-json\/wp\/v2\/tags?post=1234778"}],"curies":[{"name":"wp","href":"https:\/\/api.w.org\/{rel}","templated":true}]}}