{"id":1234789,"date":"2021-11-19T18:09:57","date_gmt":"2021-11-20T00:09:57","guid":{"rendered":"https:\/\/www.acapulco.press\/?p=1234789"},"modified":"2021-11-19T18:09:57","modified_gmt":"2021-11-20T00:09:57","slug":"fge-consigue-sentencia-de-50-anos-contra-secuestrador-de-tlapa","status":"publish","type":"post","link":"https:\/\/www.acapulcopress.com\/index.php\/2021\/11\/19\/fge-consigue-sentencia-de-50-anos-contra-secuestrador-de-tlapa\/","title":{"rendered":"FGE consigue sentencia de 50 a\u00f1os contra secuestrador de Tlapa"},"content":{"rendered":"<p style=\"text-align: justify;\">] CHILPANCINGO. * 19 de noviembre de 2021.<br \/>\n<em>) FGE.<\/em><\/p>\n<p style=\"text-align: justify;\">El Ministerio P\u00fablico logr\u00f3 en Tlapa de Comonfort la sentencia condenatoria de 50 a\u00f1os de prisi\u00f3n en contra de Ra\u00fal \u00abN\u00bb, como responsable en la comisi\u00f3n del delito de secuestro agravado.<\/p>\n<p style=\"text-align: justify;\">Los hechos en la carpeta judicial JO-06\/2019, se\u00f1alan que la v\u00edctima fue privada de su libertad al salir de su domicilio, siendo trasladado a una casa de seguridad, para despu\u00e9s exigir a familiares una cantidad de dinero; acto que no se concret\u00f3 debido a la intervenci\u00f3n de la Fiscal\u00eda Especializada Contra el Secuestro, para rescatarlo y detener al imputado.<\/p>\n<p style=\"text-align: justify;\">En audiencia de Juicio Oral el Tribunal de Enjuiciamiento penal, de acuerdo a las pruebas presentadas por la Fiscal\u00eda, resolvi\u00f3 fallo condenatorio por 50 a\u00f1os de prisi\u00f3n y una multa correspondiente, en contra Ra\u00fal \u00abN\u00bb, quedando interno en el Centro de Reinserci\u00f3n Social de Tlapa de Comonfort, Guerrero.<\/p>\n","protected":false},"excerpt":{"rendered":"<p>] CHILPANCINGO. * 19 de noviembre de 2021. ) FGE. El Ministerio P\u00fablico logr\u00f3 en Tlapa de Comonfort la sentencia condenatoria de 50 a\u00f1os de prisi\u00f3n en contra de Ra\u00fal \u00abN\u00bb, como responsable en la comisi\u00f3n del delito de secuestro agravado. Los hechos en la carpeta judicial JO-06\/2019, se\u00f1alan que la v\u00edctima fue privada de&#8230;<\/p>\n","protected":false},"author":2,"featured_media":1234790,"comment_status":"closed","ping_status":"closed","sticky":false,"template":"","format":"standard","meta":{"footnotes":""},"categories":[1969],"tags":[8703,10946,14737],"class_list":["post-1234789","post","type-post","status-publish","format-standard","has-post-thumbnail","hentry","category-trending","tag-fiscalia-general-del-estado-de-guerrero-fge","tag-jorge-zuriel-de-los-santos-barrila","tag-policia-ministerial-de-guerrero"],"_links":{"self":[{"href":"https:\/\/www.acapulcopress.com\/index.php\/wp-json\/wp\/v2\/posts\/1234789","targetHints":{"allow":["GET"]}}],"collection":[{"href":"https:\/\/www.acapulcopress.com\/index.php\/wp-json\/wp\/v2\/posts"}],"about":[{"href":"https:\/\/www.acapulcopress.com\/index.php\/wp-json\/wp\/v2\/types\/post"}],"author":[{"embeddable":true,"href":"https:\/\/www.acapulcopress.com\/index.php\/wp-json\/wp\/v2\/users\/2"}],"replies":[{"embeddable":true,"href":"https:\/\/www.acapulcopress.com\/index.php\/wp-json\/wp\/v2\/comments?post=1234789"}],"version-history":[{"count":0,"href":"https:\/\/www.acapulcopress.com\/index.php\/wp-json\/wp\/v2\/posts\/1234789\/revisions"}],"wp:featuredmedia":[{"embeddable":true,"href":"https:\/\/www.acapulcopress.com\/index.php\/wp-json\/"}],"wp:attachment":[{"href":"https:\/\/www.acapulcopress.com\/index.php\/wp-json\/wp\/v2\/media?parent=1234789"}],"wp:term":[{"taxonomy":"category","embeddable":true,"href":"https:\/\/www.acapulcopress.com\/index.php\/wp-json\/wp\/v2\/categories?post=1234789"},{"taxonomy":"post_tag","embeddable":true,"href":"https:\/\/www.acapulcopress.com\/index.php\/wp-json\/wp\/v2\/tags?post=1234789"}],"curies":[{"name":"wp","href":"https:\/\/api.w.org\/{rel}","templated":true}]}}