{"id":1234795,"date":"2021-11-19T18:53:16","date_gmt":"2021-11-20T00:53:16","guid":{"rendered":"https:\/\/www.acapulco.press\/?p=1234795"},"modified":"2021-11-19T18:53:16","modified_gmt":"2021-11-20T00:53:16","slug":"marcial-rodriguez-toma-protesta-a-omar-estrada-como-director-general-del-icategro","status":"publish","type":"post","link":"https:\/\/www.acapulcopress.com\/index.php\/2021\/11\/19\/marcial-rodriguez-toma-protesta-a-omar-estrada-como-director-general-del-icategro\/","title":{"rendered":"Marcial Rodr\u00edguez toma protesta a Omar Estrada como director general del Icategro"},"content":{"rendered":"<p style=\"text-align: justify;\">] CHILPANCINGO. * 19 de noviembre de 2021.<br \/>\n<em>) SEG.<\/em><\/p>\n<p><img loading=\"lazy\" decoding=\"async\" class=\"alignleft size-medium wp-image-1234800\" style=\"text-align: justify;\" src=\"https:\/\/www.acapulco.press\/wp-content\/uploads\/2021\/11\/Omar-Estrada-Bustos-1-375x299.jpeg\" alt=\"\" width=\"375\" height=\"299\" \/><\/p>\n<p style=\"text-align: justify;\">Por indicaciones de la gobernadora del Estado, Evelyn Salgado Pineda, el secretario de Educaci\u00f3n en la entidad, Marcial Rodr\u00edguez Salda\u00f1a, dio posesi\u00f3n al nuevo director gerenal del Instituto de Capacitacion y del Trabajo (Icategro), Omar Estrada Bustos.<\/p>\n<p style=\"text-align: justify;\">El titular de la Secretar\u00eda de Educaci\u00f3n en Guerrero (SEG) presidi\u00f3 la Junta Directiva a la cual asistieron el representante del gobierno federal Abrahan Lozano, la presidenta municipal de Chilpancingo, Norma Otilia Hern\u00e1ndez Mart\u00ednez, el subsecretario de Educaci\u00f3n Media Superior y Superior, Marco Marb\u00e1n Galban, y representantes del sector social y productivo.<\/p>\n<p>En dicha reuni\u00f3n. Rodr\u00edguez Salda\u00f1a exhort\u00f3 al nuevo director a seguir los lineamientos de trabajo de la gobernadora Evelyn Salgado y a promover m\u00e1s capacitaci\u00f3n a adolescentes, j\u00f3venes y adultos \u00aben bien de Guerrero\u00bb.<\/p>\n<p><img loading=\"lazy\" decoding=\"async\" class=\"alignnone wp-image-1234805 size-large\" src=\"https:\/\/www.acapulco.press\/wp-content\/uploads\/2021\/11\/JUNTA-SEG-840x466.jpeg\" alt=\"\" width=\"840\" height=\"466\" \/><\/p>\n","protected":false},"excerpt":{"rendered":"<p>] CHILPANCINGO. * 19 de noviembre de 2021. ) SEG. Por indicaciones de la gobernadora del Estado, Evelyn Salgado Pineda, el secretario de Educaci\u00f3n en la entidad, Marcial Rodr\u00edguez Salda\u00f1a, dio posesi\u00f3n al nuevo director gerenal del Instituto de Capacitacion y del Trabajo (Icategro), Omar Estrada Bustos. El titular de la Secretar\u00eda de Educaci\u00f3n en&#8230;<\/p>\n","protected":false},"author":2,"featured_media":1234800,"comment_status":"closed","ping_status":"closed","sticky":false,"template":"","format":"standard","meta":{"footnotes":""},"categories":[1969,2081],"tags":[10204,12457,16169,16362],"class_list":["post-1234795","post","type-post","status-publish","format-standard","has-post-thumbnail","hentry","category-trending","category-seg","tag-instituto-de-capacitacion-y-del-trabajo-icategro","tag-marcial-rodriguez-saldana","tag-secretaria-de-educacion-guerrero-seg","tag-seg"],"_links":{"self":[{"href":"https:\/\/www.acapulcopress.com\/index.php\/wp-json\/wp\/v2\/posts\/1234795","targetHints":{"allow":["GET"]}}],"collection":[{"href":"https:\/\/www.acapulcopress.com\/index.php\/wp-json\/wp\/v2\/posts"}],"about":[{"href":"https:\/\/www.acapulcopress.com\/index.php\/wp-json\/wp\/v2\/types\/post"}],"author":[{"embeddable":true,"href":"https:\/\/www.acapulcopress.com\/index.php\/wp-json\/wp\/v2\/users\/2"}],"replies":[{"embeddable":true,"href":"https:\/\/www.acapulcopress.com\/index.php\/wp-json\/wp\/v2\/comments?post=1234795"}],"version-history":[{"count":0,"href":"https:\/\/www.acapulcopress.com\/index.php\/wp-json\/wp\/v2\/posts\/1234795\/revisions"}],"wp:featuredmedia":[{"embeddable":true,"href":"https:\/\/www.acapulcopress.com\/index.php\/wp-json\/"}],"wp:attachment":[{"href":"https:\/\/www.acapulcopress.com\/index.php\/wp-json\/wp\/v2\/media?parent=1234795"}],"wp:term":[{"taxonomy":"category","embeddable":true,"href":"https:\/\/www.acapulcopress.com\/index.php\/wp-json\/wp\/v2\/categories?post=1234795"},{"taxonomy":"post_tag","embeddable":true,"href":"https:\/\/www.acapulcopress.com\/index.php\/wp-json\/wp\/v2\/tags?post=1234795"}],"curies":[{"name":"wp","href":"https:\/\/api.w.org\/{rel}","templated":true}]}}