{"id":1234808,"date":"2021-11-19T19:20:23","date_gmt":"2021-11-20T01:20:23","guid":{"rendered":"https:\/\/www.acapulco.press\/?p=1234808"},"modified":"2021-11-19T19:20:23","modified_gmt":"2021-11-20T01:20:23","slug":"seg-y-congreso-trabajaran-coordinados-a-favor-de-de-la-educacion-marcial","status":"publish","type":"post","link":"https:\/\/www.acapulcopress.com\/index.php\/2021\/11\/19\/seg-y-congreso-trabajaran-coordinados-a-favor-de-de-la-educacion-marcial\/","title":{"rendered":"SEG y Congreso trabajar\u00e1n coordinados a favor de de la educaci\u00f3n | Marcial"},"content":{"rendered":"<p style=\"text-align: justify;\">] CHILPANCINGO. * 19 de noviembre de 2021.<br \/>\n<em>) SEG.<br \/>\n<\/em>El Secretario de Educaci\u00f3n en Guerrero, Marcial Rodr\u00edguez Salda\u00f1a, se reuni\u00f3 con el diputado Macedonio Mendoza Basurto, presidente de la Comisi\u00f3n de Educaci\u00f3n, Ciencia y Tecnolog\u00eda del Congreso del Estado, y las diputadas Beatriz Mojica Morga, Mar\u00eda Flores Maldonado, y el diputado Carlos Cruz L\u00f3pez, para tratar asuntos relativos con la educaci\u00f3n en la entidad.<\/p>\n<p style=\"text-align: justify;\">Rodr\u00edguez Salda\u00f1a expres\u00f3 que, por indicaciones de la Gobernadora Evelyn Salgado Pineda, debe haber una coordinaci\u00f3n entre los titulares de las dependencias de gobierno y los legisladore para mejorar la cobertura y la calidad educativa en Guerrero.<\/p>\n\n","protected":false},"excerpt":{"rendered":"<p>] CHILPANCINGO. * 19 de noviembre de 2021. ) SEG. El Secretario de Educaci\u00f3n en Guerrero, Marcial Rodr\u00edguez Salda\u00f1a, se reuni\u00f3 con el diputado Macedonio Mendoza Basurto, presidente de la Comisi\u00f3n de Educaci\u00f3n, Ciencia y Tecnolog\u00eda del Congreso del Estado, y las diputadas Beatriz Mojica Morga, Mar\u00eda Flores Maldonado, y el diputado Carlos Cruz L\u00f3pez,&#8230;<\/p>\n","protected":false},"author":2,"featured_media":1234811,"comment_status":"closed","ping_status":"closed","sticky":false,"template":"","format":"standard","meta":{"footnotes":""},"categories":[1969,1972,2081],"tags":[12457,16169,16362],"class_list":["post-1234808","post","type-post","status-publish","format-standard","has-post-thumbnail","hentry","category-trending","category-special","category-seg","tag-marcial-rodriguez-saldana","tag-secretaria-de-educacion-guerrero-seg","tag-seg"],"_links":{"self":[{"href":"https:\/\/www.acapulcopress.com\/index.php\/wp-json\/wp\/v2\/posts\/1234808","targetHints":{"allow":["GET"]}}],"collection":[{"href":"https:\/\/www.acapulcopress.com\/index.php\/wp-json\/wp\/v2\/posts"}],"about":[{"href":"https:\/\/www.acapulcopress.com\/index.php\/wp-json\/wp\/v2\/types\/post"}],"author":[{"embeddable":true,"href":"https:\/\/www.acapulcopress.com\/index.php\/wp-json\/wp\/v2\/users\/2"}],"replies":[{"embeddable":true,"href":"https:\/\/www.acapulcopress.com\/index.php\/wp-json\/wp\/v2\/comments?post=1234808"}],"version-history":[{"count":0,"href":"https:\/\/www.acapulcopress.com\/index.php\/wp-json\/wp\/v2\/posts\/1234808\/revisions"}],"wp:featuredmedia":[{"embeddable":true,"href":"https:\/\/www.acapulcopress.com\/index.php\/wp-json\/"}],"wp:attachment":[{"href":"https:\/\/www.acapulcopress.com\/index.php\/wp-json\/wp\/v2\/media?parent=1234808"}],"wp:term":[{"taxonomy":"category","embeddable":true,"href":"https:\/\/www.acapulcopress.com\/index.php\/wp-json\/wp\/v2\/categories?post=1234808"},{"taxonomy":"post_tag","embeddable":true,"href":"https:\/\/www.acapulcopress.com\/index.php\/wp-json\/wp\/v2\/tags?post=1234808"}],"curies":[{"name":"wp","href":"https:\/\/api.w.org\/{rel}","templated":true}]}}