{"id":1234816,"date":"2021-11-19T21:07:43","date_gmt":"2021-11-20T03:07:43","guid":{"rendered":"https:\/\/www.acapulco.press\/?p=1234816"},"modified":"2021-11-19T21:07:43","modified_gmt":"2021-11-20T03:07:43","slug":"senador-anorve-a-favor-de-ratificacion-de-235-ascensos-en-ejercito-y-fuerza-aerea-mexicana","status":"publish","type":"post","link":"https:\/\/www.acapulcopress.com\/index.php\/2021\/11\/19\/senador-anorve-a-favor-de-ratificacion-de-235-ascensos-en-ejercito-y-fuerza-aerea-mexicana\/","title":{"rendered":"Senador A\u00f1orve a favor de ratificac\u00edon de 235 ascensos en Ej\u00e9rcito y Fuerza A\u00e9rea Mexicana"},"content":{"rendered":"<p style=\"text-align: justify;\">] CIUDAD DE M\u00c9XICO. * 19 de noviembre de 2021.<br \/>\n<em>) Senado de la Rep\u00fablica.<\/em><br \/>\nEl Senador de la Rep\u00fablica Manuel A\u00f1orve Ba\u00f1os celebr\u00f3 que el Senado aprobara el dictamen de la Comisi\u00f3n de Defensa Nacional, de la cual forma parte, para ratificar 235 ascensos de elementos del Ej\u00e9rcito y Fuerza A\u00e9rea Mexicana.<\/p>\n<p style=\"text-align: justify;\">A\u00f1orve Ba\u00f1os explic\u00f3 que esto es un reconocimiento a la trayectoria profesional y a su lealtad con la naci\u00f3n, de parte de las mujeres y hombres que integran al Ej\u00e9rcito y la Fuerza A\u00e9rea mexicana. Adem\u00e1s con ello se valora sus estudios, su preparaci\u00f3n y sus aptitudes f\u00edsicas, para proteger a la patria y a todos los mexicanos d\u00eda con d\u00eda, dijo.<\/p>\n<p style=\"text-align: justify;\">Finalmente destac\u00f3 que las fuerzas armadas siempre est\u00e1n presentes y listas cuando m\u00e1s se les necesita, de eso no hay duda, por eso, lo menos que pod\u00edan hacer, es reconocerles y premiarles su esfuerzo.<\/p>\n<div style=\"width: 640px;\" class=\"wp-video\"><video class=\"wp-video-shortcode\" id=\"video-1234816-1\" width=\"640\" height=\"352\" preload=\"metadata\" controls=\"controls\"><source type=\"video\/mp4\" src=\"https:\/\/www.acapulco.press\/wp-content\/uploads\/2021\/11\/ANORVE-SENADO.mp4?_=1\" \/><a href=\"https:\/\/www.acapulco.press\/wp-content\/uploads\/2021\/11\/ANORVE-SENADO.mp4\">https:\/\/www.acapulco.press\/wp-content\/uploads\/2021\/11\/ANORVE-SENADO.mp4<\/a><\/video><\/div>\n","protected":false},"excerpt":{"rendered":"<p>] CIUDAD DE M\u00c9XICO. * 19 de noviembre de 2021. ) Senado de la Rep\u00fablica. El Senador de la Rep\u00fablica Manuel A\u00f1orve Ba\u00f1os celebr\u00f3 que el Senado aprobara el dictamen de la Comisi\u00f3n de Defensa Nacional, de la cual forma parte, para ratificar 235 ascensos de elementos del Ej\u00e9rcito y Fuerza A\u00e9rea Mexicana. A\u00f1orve Ba\u00f1os&#8230;<\/p>\n","protected":false},"author":2,"featured_media":1234817,"comment_status":"closed","ping_status":"closed","sticky":false,"template":"","format":"standard","meta":{"footnotes":""},"categories":[1972,61,18561],"tags":[6374,12366,16471],"class_list":["post-1234816","post","type-post","status-publish","format-standard","has-post-thumbnail","hentry","category-special","category-legislacion","category-society-politics","tag-congreso-de-la-union","tag-manuel-anorve-banos","tag-senado-de-la-republica"],"_links":{"self":[{"href":"https:\/\/www.acapulcopress.com\/index.php\/wp-json\/wp\/v2\/posts\/1234816","targetHints":{"allow":["GET"]}}],"collection":[{"href":"https:\/\/www.acapulcopress.com\/index.php\/wp-json\/wp\/v2\/posts"}],"about":[{"href":"https:\/\/www.acapulcopress.com\/index.php\/wp-json\/wp\/v2\/types\/post"}],"author":[{"embeddable":true,"href":"https:\/\/www.acapulcopress.com\/index.php\/wp-json\/wp\/v2\/users\/2"}],"replies":[{"embeddable":true,"href":"https:\/\/www.acapulcopress.com\/index.php\/wp-json\/wp\/v2\/comments?post=1234816"}],"version-history":[{"count":0,"href":"https:\/\/www.acapulcopress.com\/index.php\/wp-json\/wp\/v2\/posts\/1234816\/revisions"}],"wp:featuredmedia":[{"embeddable":true,"href":"https:\/\/www.acapulcopress.com\/index.php\/wp-json\/"}],"wp:attachment":[{"href":"https:\/\/www.acapulcopress.com\/index.php\/wp-json\/wp\/v2\/media?parent=1234816"}],"wp:term":[{"taxonomy":"category","embeddable":true,"href":"https:\/\/www.acapulcopress.com\/index.php\/wp-json\/wp\/v2\/categories?post=1234816"},{"taxonomy":"post_tag","embeddable":true,"href":"https:\/\/www.acapulcopress.com\/index.php\/wp-json\/wp\/v2\/tags?post=1234816"}],"curies":[{"name":"wp","href":"https:\/\/api.w.org\/{rel}","templated":true}]}}